{"id":109,"date":"2020-03-26T15:34:48","date_gmt":"2020-03-26T15:34:48","guid":{"rendered":"\/\/www.bcube-avocats.fr\/actualites?p=109"},"modified":"2020-05-15T09:54:18","modified_gmt":"2020-05-15T09:54:18","slug":"les-consequences-du-brexit-sur-les-marques-de-lunion-europeenne-et-les-dessins-et-modeles-communautaires","status":"publish","type":"post","link":"https:\/\/www.bcube-avocats.fr\/actualites\/les-consequences-du-brexit-sur-les-marques-de-lunion-europeenne-et-les-dessins-et-modeles-communautaires\/","title":{"rendered":"Les cons\u00e9quences du Brexit sur les marques de l\u2019Union europ\u00e9enne et les dessins et mod\u00e8les communautaires"},"content":{"rendered":"\n<p><em>30 mars 2020<\/em><\/p>\n\n\n\n<p>A la suite de la ratification par le Parlement europ\u00e9en de l\u2019accord sur le retrait du Royaume-Uni de l\u2019Union europ\u00e9enne \u2013 ci-apr\u00e8s \u00ab l\u2019Accord de retrait \u00bb, le Royaume-Uni a quitt\u00e9 l\u2019Union europ\u00e9enne le 31 janvier 2020.<\/p>\n\n\n\n<p>Cette date marque l\u2019ouverture d\u2019une p\u00e9riode transitoire qui s\u2019ach\u00e8vera le 31 d\u00e9cembre 2020, et durant laquelle le droit de l\u2019Union europ\u00e9enne continue \u00e0 s\u2019appliquer en ce compris les dispositions relatives \u00e0 la propri\u00e9t\u00e9 intellectuelle.<\/p>\n\n\n\n<p>Cela signifie que jusqu\u2019au terme de la p\u00e9riode de transition :<\/p>\n\n\n\n<ul><li>les marques de l\u2019Union europ\u00e9enne et les dessins ou mod\u00e8les communautaires enregistr\u00e9s continueront \u00e0 \u00eatre prot\u00e9g\u00e9s au Royaume-Uni ;<\/li><li>les enregistrements internationaux de marques et de dessins ou mod\u00e8les d\u00e9signant l\u2019Union europ\u00e9enne continueront d\u2019\u00e9tendre leurs effets au Royaume-Uni ;<\/li><li>les proc\u00e9dures en cours devant l\u2019Office de l&rsquo;Union europ\u00e9enne pour la propri\u00e9t\u00e9 intellectuelle (EUIPO) reposant sur (i) des motifs de refus en relation avec le territoire du Royaume-Uni, (ii) des droits ant\u00e9rieurs acquis au Royaume-Uni, (iii) ou des parties\/repr\u00e9sentants domicili\u00e9s au Royaume-Uni se poursuivront comme \u00e0 l\u2019accoutum\u00e9e.<\/li><\/ul>\n\n\n\n<p>Il r\u00e9sulte, par ailleurs, de l\u2019Accord de retrait qu\u2019\u00e0 compter du 1er janvier 2021 :<\/p>\n\n\n\n<ul><li>pour les demandes de marques de l\u2019Union europ\u00e9enne et de dessins ou mod\u00e8les communautaires d\u00e9pos\u00e9es avant le 1er janvier 2021 (voir article 59 de l\u2019Accord de retrait) :<\/li><\/ul>\n\n\n\n<p>Le d\u00e9posant disposera d\u2019une p\u00e9riode de neuf mois \u00e0 compter de la fin de la p\u00e9riode de transition pour d\u00e9poser une demande nationale identique aupr\u00e8s de l\u2019Office des marques britannique (UKPTO) et r\u00e9gler la taxe aff\u00e9rente.<\/p>\n\n\n\n<p>Cette demande sera examin\u00e9e par l\u2019UKPTO (appr\u00e9ciation du caract\u00e8re distinctif du signe) et publi\u00e9e pour faire courir le d\u00e9lai d\u2019opposition au Royaume-Uni.<\/p>\n\n\n\n<p>Cette demande b\u00e9n\u00e9ficiera en revanche de la m\u00eame date de d\u00e9p\u00f4t que la demande d\u00e9pos\u00e9e initialement aupr\u00e8s de l\u2019EUIPO et \u00e9galement, le cas \u00e9ch\u00e9ant, des m\u00eames dates de priorit\u00e9 et\/ou d\u2019anciennet\u00e9.<\/p>\n\n\n\n<ul><li>pour les marques de l\u2019Union europ\u00e9enne et les dessins ou mod\u00e8les communautaires enregistr\u00e9s (voir articles 54 et 55 de l\u2019Accord de retrait) :<\/li><\/ul>\n\n\n\n<p>Les marques de l\u2019Union europ\u00e9enne et les dessins ou mod\u00e8les communautaires continueront de produire leurs effets dans les 27 pays de l\u2019Union europ\u00e9enne, tout en \u00e9tant converti en marque britannique\/dessin ou mod\u00e8le britannique par l\u2019UKPTO sans r\u00e9examen, ni aucun formalisme et co\u00fbt suppl\u00e9mentaire.<\/p>\n\n\n\n<p>Ils conserveront leurs dates de d\u00e9p\u00f4t et de renouvellement mais aussi, le cas \u00e9ch\u00e9ant, leurs dates de priorit\u00e9 et\/ou d\u2019anciennet\u00e9.<\/p>\n\n\n\n<p>A noter que les titulaires de droits de propri\u00e9t\u00e9 intellectuelle disposeront de trois ann\u00e9es, \u00e0 compter de la fin de la p\u00e9riode de transition, pour fournir \u00e0 l\u2019UKPTO une adresse au Royaume-Uni. En pratique, les titulaires devront choisir une personne habilit\u00e9e \u00e0 les repr\u00e9senter sur ce territoire (avocat, conseil en propri\u00e9t\u00e9 industrielle).<\/p>\n\n\n\n<ul><li>pour les dessins ou mod\u00e8les communautaires non enregistr\u00e9s \u00e0 compter du 1er janvier 2021 (voir article 57 de l\u2019Accord de retrait) :<\/li><\/ul>\n\n\n\n<p>Le titulaire d\u2019un droit relatif \u00e0 un dessin ou mod\u00e8le communautaire non enregistr\u00e9, qui a pris naissance avant la fin de la p\u00e9riode de transition, deviendra titulaire d\u2019un droit de propri\u00e9t\u00e9 intellectuelle ex\u00e9cutoire au Royaume-Uni qui offre le m\u00eame niveau de protection.<\/p>\n\n\n\n<p>La dur\u00e9e de protection \u2013 trois ans \u00e0 compter de la premi\u00e8re publication &#8211; sera au moins \u00e9gale \u00e0 la dur\u00e9e restante de protection du dessin ou mod\u00e8le communautaire non enregistr\u00e9.<\/p>\n\n\n\n<ul><li>pour les marques internationales et les dessins ou mod\u00e8les internationaux d\u00e9signant l\u2019Union europ\u00e9enne :<\/li><\/ul>\n\n\n\n<p>L\u2019Organisation mondiale de la propri\u00e9t\u00e9 intellectuelle (OMPI) a publi\u00e9 des avis dans lesquels elle pr\u00e9cise que le Royaume-Uni prendra des mesures pour s\u2019assurer que les titulaires d\u2019enregistrements internationaux ayant obtenu la protection de leurs titres de propri\u00e9t\u00e9 industrielle (marques \/ dessins \/ mod\u00e8les) dans l\u2019Union europ\u00e9enne avant la fin de la p\u00e9riode de transition conservent leurs droits au Royaume-Uni \u00e0 l\u2019issue de celle-ci (voir Avis n\u00b0 2\/2020 de l\u2019OMPI).<\/p>\n\n\n\n<p>Ces mesures seront pr\u00e9cis\u00e9es ult\u00e9rieurement.<\/p>\n\n\n\n<p><em>Sources :<\/em><\/p>\n\n\n\n<ul><li><em>Publication sur le site de l\u2019EUIPO : <a href=\"https:\/\/euipo.europa.eu\/ohimportal\/fr\/brexit-q-and-a\">https:\/\/euipo.europa.eu\/ohimportal\/fr\/brexit-q-and-a<\/a><\/em><\/li><li><em>Accord sur le retrait du Royaume-Uni de l\u2019Union europ\u00e9enne : <a href=\"https:\/\/eur-lex.europa.eu\/legalcontent\/FR\/TXT\/PDF\/?uri=OJ:C:2019:384I:FULL&amp;from=EN\">https:\/\/eur-lex.europa.eu\/legalcontent\/FR\/TXT\/PDF\/?uri=OJ:C:2019:384I:FULL&amp;from=EN<\/a><\/em><\/li><li><em>Publication sur le site de l\u2019OMPI : <a href=\"https:\/\/www.wipo.int\/madrid\/fr\/news\/2020\/news_0004.html\">https:\/\/www.wipo.int\/madrid\/fr\/news\/2020\/news_0004.html<\/a> (marques)<br>et<br><a href=\"https:\/\/www.wipo.int\/hague\/fr\/news\/2020\/news_0004.html\">https:\/\/www.wipo.int\/hague\/fr\/news\/2020\/news_0004.html<\/a> (dessins et mod\u00e8les)<\/em><\/li><li><em>Avis n\u00b0 2\/2020 de l\u2019OMPI : <a href=\"https:\/\/www.wipo.int\/edocs\/madrdocs\/fr\/2020\/madrid_2020_2.pdf\">https:\/\/www.wipo.int\/edocs\/madrdocs\/fr\/2020\/madrid_2020_2.pdf<\/a> (marques) <br>et<br><a href=\"https:\/\/www.wipo.int\/edocs\/hagdocs\/fr\/2020\/hague_2020_2.pdf\">https:\/\/www.wipo.int\/edocs\/hagdocs\/fr\/2020\/hague_2020_2.pdf<\/a> (dessins et mod\u00e8les)<\/em><\/li><\/ul>\n\n\n\n<div class=\"wp-block-columns\">\n<div class=\"wp-block-column is-vertically-aligned-center\" style=\"flex-basis:33.33%\">\n<p><em>Partagez cet article :<\/em><\/p>\n<\/div>\n\n\n\n<div class=\"wp-block-column is-vertically-aligned-center\" style=\"flex-basis:66.66%\"><div class=\"ss-inline-share-wrapper\"><div class=\"ss-inline-share-content\"><ul class=\"ss-social-icons-container\"><li class=\"\"><a href=\"#\" data-ss-ss-link=\"https:\/\/www.linkedin.com\/shareArticle?title=Les%20cons%C3%A9quences%20du%20Brexit%20sur%20les%20marques%20de%20l%E2%80%99Union%20europ%C3%A9enne%20et%20les%20dessins%20et%20mod%C3%A8les%20communautaires&#038;url=https%3A%2F%2Fwww.bcube-avocats.fr%2Factualites%2Fles-consequences-du-brexit-sur-les-marques-de-lunion-europeenne-et-les-dessins-et-modeles-communautaires%2F&#038;mini=true\" class=\"ss-linkedin-color\" rel=\"nofollow noopener\" data-ss-ss-network-id=\"linkedin\" data-ss-ss-post-id=\"109\" data-ss-ss-location=\"inline_content\" data-ss-ss-permalink=\"https:\/\/www.bcube-avocats.fr\/actualites\/les-consequences-du-brexit-sur-les-marques-de-lunion-europeenne-et-les-dessins-et-modeles-communautaires\/\" data-ss-ss-type=\"share\"><span class=\"ss-share-network-content\"><i class=\"ss-network-icon\"><svg class=\"ss-svg-icon\" aria-hidden=\"true\" role=\"img\" focusable=\"false\" width=\"32\" height=\"32\" viewBox=\"0 0 32 32\" xmlns=\"http:\/\/www.w3.org\/2000\/svg\"><path fill-rule=\"evenodd\" d=\"M29.632 0C30.939 0 32 1.032 32 2.307v27.384C32 30.966 30.939 32 29.632 32H2.36C1.058 32 0 30.966 0 29.69V2.308C0 1.032 1.058 0 2.36 0h27.272zM9.149 11.638h-4.77V27h4.77V11.638zm12.133-.382c-2.318 0-3.874 1.273-4.509 2.48h-.066v-2.098H12.14V27h4.76v-7.599c0-2.004.378-3.946 2.858-3.946 2.447 0 2.475 2.29 2.475 4.072V27H27v-8.423c0-4.138-.893-7.32-5.718-7.32v-.001zM6.764 4A2.766 2.766 0 004 6.769a2.765 2.765 0 105.528 0A2.767 2.767 0 006.765 4h-.001z\" \/><\/svg><\/i><\/span><\/a><\/li><li class=\"\"><a href=\"#\" data-ss-ss-link=\"https:\/\/twitter.com\/intent\/tweet?text=Les+cons%C3%A9quences+du+Brexit+sur+les+marques+de+l%E2%80%99Union+europ%C3%A9enne+et+les+dessins+et+mod%C3%A8les+communautaires&#038;url=https%3A%2F%2Fwww.bcube-avocats.fr%2Factualites%2Fles-consequences-du-brexit-sur-les-marques-de-lunion-europeenne-et-les-dessins-et-modeles-communautaires%2F\" class=\"ss-twitter-color\" rel=\"nofollow noopener\" data-ss-ss-network-id=\"twitter\" data-ss-ss-post-id=\"109\" data-ss-ss-location=\"inline_content\" data-ss-ss-permalink=\"https:\/\/www.bcube-avocats.fr\/actualites\/les-consequences-du-brexit-sur-les-marques-de-lunion-europeenne-et-les-dessins-et-modeles-communautaires\/\" data-ss-ss-type=\"share\"><span class=\"ss-share-network-content\"><i class=\"ss-network-icon\"><svg class=\"ss-svg-icon\" aria-hidden=\"true\" role=\"img\" focusable=\"false\" width=\"32\" height=\"32\" viewBox=\"0 0 32 32\" xmlns=\"http:\/\/www.w3.org\/2000\/svg\"><path d=\"M28.75 9.5c0 0.25 0 0.563 0 0.813 0 8.688-6.625 18.688-18.688 18.688-3.688 0-7.188-1.063-10.063-2.938 0.5 0.063 1.063 0.063 1.563 0.063 3.063 0 5.938-1 8.188-2.813-2.875 0-5.313-1.938-6.188-4.563 0.438 0.125 0.813 0.125 1.25 0.125 0.625 0 1.188-0.063 1.75-0.188-3-0.625-5.25-3.313-5.25-6.438 0-0.063 0-0.063 0-0.125 0.875 0.5 1.875 0.813 2.938 0.813-1.75-1.125-2.938-3.188-2.938-5.438 0-1.188 0.375-2.313 0.938-3.313 3.188 4 8.063 6.625 13.5 6.875-0.125-0.5-0.188-1-0.188-1.5 0-3.625 2.938-6.563 6.563-6.563 1.938 0 3.625 0.813 4.813 2.063 1.5-0.313 2.938-0.813 4.188-1.563-0.5 1.5-1.563 2.813-2.875 3.625 1.313-0.188 2.563-0.5 3.75-1.063-0.875 1.313-2 2.5-3.25 3.438z\"><\/path><\/svg><\/i><\/span><\/a><\/li><li class=\"\"><a href=\"#\" data-ss-ss-link=\"https:\/\/www.facebook.com\/sharer.php?t=Les%20cons%C3%A9quences%20du%20Brexit%20sur%20les%20marques%20de%20l%E2%80%99Union%20europ%C3%A9enne%20et%20les%20dessins%20et%20mod%C3%A8les%20communautaires&#038;u=https%3A%2F%2Fwww.bcube-avocats.fr%2Factualites%2Fles-consequences-du-brexit-sur-les-marques-de-lunion-europeenne-et-les-dessins-et-modeles-communautaires%2F\" class=\"ss-facebook-color\" rel=\"nofollow noopener\" data-ss-ss-network-id=\"facebook\" data-ss-ss-post-id=\"109\" data-ss-ss-location=\"inline_content\" data-ss-ss-permalink=\"https:\/\/www.bcube-avocats.fr\/actualites\/les-consequences-du-brexit-sur-les-marques-de-lunion-europeenne-et-les-dessins-et-modeles-communautaires\/\" data-ss-ss-type=\"share\" data-has-api=\"true\"><span class=\"ss-share-network-content\"><i class=\"ss-network-icon\"><svg class=\"ss-svg-icon\" aria-hidden=\"true\" role=\"img\" focusable=\"false\" width=\"32\" height=\"32\" viewBox=\"0 0 32 32\" xmlns=\"http:\/\/www.w3.org\/2000\/svg\"><path d=\"M32 16.098C32 7.208 24.837 0 16 0S0 7.207 0 16.098C0 24.133 5.851 30.792 13.5 32V20.751H9.437v-4.653H13.5V12.55c0-4.034 2.389-6.263 6.043-6.263 1.751 0 3.582.315 3.582.315v3.961h-2.018c-1.987 0-2.607 1.241-2.607 2.514v3.02h4.438l-.71 4.653H18.5V32C26.149 30.792 32 24.133 32 16.098z\" \/><\/svg><\/i><\/span><\/a><\/li><\/ul><\/div><\/div><\/div>\n<\/div>\n\n\n\n<p><\/p>\n","protected":false},"excerpt":{"rendered":"<p>30 mars 2020 A la suite de la ratification par le Parlement europ\u00e9en de l\u2019accord sur le retrait du Royaume-Uni de l\u2019Union europ\u00e9enne \u2013 ci-apr\u00e8s \u00ab l\u2019Accord de retrait \u00bb, le Royaume-Uni a quitt\u00e9 l\u2019Union europ\u00e9enne le 31 janvier 2020. Cette date marque l\u2019ouverture d\u2019une p\u00e9riode transitoire qui s\u2019ach\u00e8vera le 31 d\u00e9cembre 2020, et durant<\/p>\n","protected":false},"author":3,"featured_media":0,"comment_status":"closed","ping_status":"open","sticky":false,"template":"","format":"standard","meta":{"spay_email":""},"categories":[1],"tags":[],"jetpack_featured_media_url":"","_links":{"self":[{"href":"https:\/\/www.bcube-avocats.fr\/actualites\/wp-json\/wp\/v2\/posts\/109"}],"collection":[{"href":"https:\/\/www.bcube-avocats.fr\/actualites\/wp-json\/wp\/v2\/posts"}],"about":[{"href":"https:\/\/www.bcube-avocats.fr\/actualites\/wp-json\/wp\/v2\/types\/post"}],"author":[{"embeddable":true,"href":"https:\/\/www.bcube-avocats.fr\/actualites\/wp-json\/wp\/v2\/users\/3"}],"replies":[{"embeddable":true,"href":"https:\/\/www.bcube-avocats.fr\/actualites\/wp-json\/wp\/v2\/comments?post=109"}],"version-history":[{"count":4,"href":"https:\/\/www.bcube-avocats.fr\/actualites\/wp-json\/wp\/v2\/posts\/109\/revisions"}],"predecessor-version":[{"id":198,"href":"https:\/\/www.bcube-avocats.fr\/actualites\/wp-json\/wp\/v2\/posts\/109\/revisions\/198"}],"wp:attachment":[{"href":"https:\/\/www.bcube-avocats.fr\/actualites\/wp-json\/wp\/v2\/media?parent=109"}],"wp:term":[{"taxonomy":"category","embeddable":true,"href":"https:\/\/www.bcube-avocats.fr\/actualites\/wp-json\/wp\/v2\/categories?post=109"},{"taxonomy":"post_tag","embeddable":true,"href":"https:\/\/www.bcube-avocats.fr\/actualites\/wp-json\/wp\/v2\/tags?post=109"}],"curies":[{"name":"wp","href":"https:\/\/api.w.org\/{rel}","templated":true}]}}