{"id":124,"date":"2020-03-30T08:18:27","date_gmt":"2020-03-30T08:18:27","guid":{"rendered":"\/\/www.bcube-avocats.fr\/actualites?p=124"},"modified":"2020-05-15T09:46:46","modified_gmt":"2020-05-15T09:46:46","slug":"les-precisions-donnees-par-linpi-sur-lordonnance-n2020-306-du-25-mars-2020-relative-a-la-prorogation-des-delais-echus-pendant-la-periode-durgence-sanitaire-et-a-l","status":"publish","type":"post","link":"https:\/\/www.bcube-avocats.fr\/actualites\/les-precisions-donnees-par-linpi-sur-lordonnance-n2020-306-du-25-mars-2020-relative-a-la-prorogation-des-delais-echus-pendant-la-periode-durgence-sanitaire-et-a-l\/","title":{"rendered":"Les pr\u00e9cisions donn\u00e9es par l\u2019INPI sur l\u2019ordonnance n\u00b02020-306 du 25 mars 2020 relative \u00e0 la prorogation des d\u00e9lais \u00e9chus pendant la p\u00e9riode d\u2019urgence sanitaire et \u00e0 l\u2019adaptation des proc\u00e9dures pendant cette m\u00eame p\u00e9riode"},"content":{"rendered":"\n<p><em>27 mars 2020<\/em><\/p>\n\n\n\n<p><strong>Dans sa d\u00e9cision n\u00b0 2020-33 du 26 mars 2020, le Directeur de l\u2019INPI a rapport\u00e9 sa d\u00e9cision n\u00b0 2020-32 du 16 mars 2020 relative au report de d\u00e9lais li\u00e9 au coronavirus en indiquant que les mesures de prorogation de d\u00e9lais s\u2019appliquant pendant la p\u00e9riode d\u2019urgence sanitaire sont celles r\u00e9sultant de la loi n\u00b0&nbsp;2010-290 du 23 mars 2020 d\u2019urgence pour faire face \u00e0 l\u2019\u00e9pid\u00e9mie de Covid-19 et de ses textes d\u2019application.<\/strong><\/p>\n\n\n\n<p>Selon l\u2019article 11 de la loi n\u00b0&nbsp;2020-290 du 23 mars 2020, \u00ab&nbsp;<em>le Gouvernement est autoris\u00e9 \u00e0 prendre par ordonnances, dans un d\u00e9lai de trois mois \u00e0 compter de la publication de la pr\u00e9sente loi, toute mesure, pouvant entrer en vigueur, si n\u00e9cessaire, \u00e0 compter du 12 mars 2020, relevant du domaine de la loi<\/em>&nbsp;\u00bb.<\/p>\n\n\n\n<p>C\u2019est la raison pour laquelle le Gouvernement a rendu l\u2019ordonnance n\u00b02020-306 du 25 mars 2020, et qu\u2019aux termes de ses articles 1 et 2, toutes les \u00e9ch\u00e9ances intervenant entre le 12 mars 2020 et l&rsquo;expiration d\u2019un d\u00e9lai d\u2019un mois \u00e0 compter de la date de cessation de l\u2019\u00e9tat d\u2019urgence sanitaire sont report\u00e9es&nbsp;au plus tard dans un d\u00e9lai de deux mois suivant la fin de cette p\u00e9riode d\u2019\u00e9tat d\u2019urgence.<\/p>\n\n\n\n<p>A la suite de la publication de cette ordonnance le 26 mars 2020, l\u2019INPI a publi\u00e9 sur son site internet un communiqu\u00e9 dans lequel il pr\u00e9cise que tous les d\u00e9lais arrivant \u00e0 \u00e9ch\u00e9ance devant sont Office sont report\u00e9s&nbsp;:<\/p>\n\n\n\n<ul><li>\u00e0 un mois apr\u00e8s la fin de cette p\u00e9riode si le d\u00e9lai initial \u00e9tait d\u2019un mois&nbsp;;<\/li><li>\u00e0 deux mois apr\u00e8s la fin de cette p\u00e9riode si le d\u00e9lai initial \u00e9tait de deux mois ou plus.<\/li><\/ul>\n\n\n\n<p>Pour \u00e9luder toute difficult\u00e9 d\u2019interpr\u00e9tation, l\u2019INPI donne l\u2019exemple suivant&nbsp;: \u00ab&nbsp;<em>si la \ufb01n de l\u2019\u00e9tat d\u2019urgence [\u00e9tait] d\u00e9clar\u00e9e (\u2026) le 28 avril, tous les d\u00e9lais cens\u00e9s se terminer entre le 12 mars et le 28 mai [seraient] report\u00e9s au 28 juin si le d\u00e9lai initial \u00e9tait d\u2019un mois et au 28 juillet si le d\u00e9lai initial \u00e9tait de deux mois ou plus<\/em>&nbsp;\u00bb.<\/p>\n\n\n\n<p>Par ailleurs, l\u2019INPI indique que l\u2019ordonnance n\u00b02020-306 du 25 mars 2020 s\u2019applique \u00e0 tous les d\u00e9lais pr\u00e9vus par le code de la propri\u00e9t\u00e9 intellectuelle, \u00e0 l\u2019exception&nbsp;de ceux r\u00e9sultant d\u2019accords internationaux ou de textes europ\u00e9ens.<\/p>\n\n\n\n<p>Plus pr\u00e9cis\u00e9ment, ce report concerne les \u00e9ch\u00e9ances&nbsp;:<\/p>\n\n\n\n<ul><li>pour former une opposition \u00e0 l\u2019encontre d\u2019une demande de marque&nbsp;;<\/li><li>pour payer une annuit\u00e9 de brevet&nbsp;;<\/li><li>pour renouveler une marque ou proroger un dessin ou mod\u00e8le et pour b\u00e9n\u00e9ficier du d\u00e9lai de gr\u00e2ce correspondant&nbsp;;<\/li><li>pour introduire une recours administratif ou juridictionnel&nbsp;;<\/li><li>pour formuler des observations de tiers ou pour r\u00e9pondre \u00e0 une notification de l\u2019INPI.<\/li><\/ul>\n\n\n\n<p>L\u2019INPI ajoute qu\u2019en revanche ce report ne concerne pas&nbsp;: les d\u00e9lais de priorit\u00e9 pour une extension internationale&nbsp;; les d\u00e9lais de paiement pour le d\u00e9p\u00f4t d\u2019une demande de brevet, ni les d\u00e9lais pour d\u00e9poser un certificat compl\u00e9mentaire de protection, qui rel\u00e8vent de dispositions supranationales.<\/p>\n\n\n\n<p><em>Sources&nbsp;:<\/em><\/p>\n\n\n\n<ul><li><em>Loi n\u00b0 2020-290 du 23 mars 2020 d&rsquo;urgence pour faire face \u00e0 l&rsquo;\u00e9pid\u00e9mie de covid-19&nbsp;:&nbsp;<a href=\"https:\/\/www.legifrance.gouv.fr\/eli\/loi\/2020\/3\/23\/PRMX2007883L\/jo\/texte\" target=\"_blank\" rel=\"noreferrer noopener\">https:\/\/www.legifrance.gouv.fr\/eli\/loi\/2020\/3\/23\/PRMX2007883L\/jo\/texte<\/a><\/em><\/li><li><em>Ordonnance n\u00b0 2020-306 du 25 mars 2020 relative \u00e0 la prorogation des d\u00e9lais \u00e9chus pendant la p\u00e9riode d&rsquo;urgence sanitaire et \u00e0 l&rsquo;adaptation des proc\u00e9dures pendant cette m\u00eame p\u00e9riode :&nbsp;<a href=\"https:\/\/www.legifrance.gouv.fr\/eli\/ordonnance\/2020\/3\/25\/JUSX2008186R\/jo\/texte\" target=\"_blank\" rel=\"noreferrer noopener\">https:\/\/www.legifrance.gouv.fr\/eli\/ordonnance\/2020\/3\/25\/JUSX2008186R\/jo\/texte<\/a><\/em><\/li><li><em>Sur le site de l\u2019INPI \u2013 Actualit\u00e9 sur le report de d\u00e9lais li\u00e9 \u00e0 la crise sanitaire&nbsp;:&nbsp;<a href=\"https:\/\/www.inpi.fr\/fr\/report-de-delais-lie-la-crise-sanitaire\" target=\"_blank\" rel=\"noreferrer noopener\">https:\/\/www.inpi.fr\/fr\/report-de-delais-lie-la-crise-sanitaire<\/a><\/em><\/li><li><em>D\u00e9cision du Directeur de l\u2019INPI n\u00b0 2020-33 du 26 mars 2020 rapportant la d\u00e9cision n\u00b0&nbsp;2020-32 du 16 mars 2020&nbsp;:&nbsp;<a href=\"https:\/\/www.inpi.fr\/sites\/default\/files\/decision_2020-33_rapportant_la_decision_du_16_mars_2020.pdf\" target=\"_blank\" rel=\"noreferrer noopener\">https:\/\/www.inpi.fr\/sites\/default\/files\/decision_2020-33_rapportant_la_decision_du_16_mars_2020.pdf<\/a><\/em><\/li><\/ul>\n\n\n\n<div class=\"wp-block-columns\">\n<div class=\"wp-block-column is-vertically-aligned-center\" style=\"flex-basis:33.33%\">\n<p><em>Partagez cet article :<\/em><\/p>\n<\/div>\n\n\n\n<div class=\"wp-block-column is-vertically-aligned-center\" style=\"flex-basis:66.66%\"><div class=\"ss-inline-share-wrapper\"><div class=\"ss-inline-share-content\"><ul class=\"ss-social-icons-container\"><li class=\"\"><a href=\"#\" data-ss-ss-link=\"https:\/\/www.linkedin.com\/shareArticle?title=Les%20pr%C3%A9cisions%20donn%C3%A9es%20par%20l%E2%80%99INPI%20sur%20l%E2%80%99ordonnance%20n%C2%B02020-306%20du%2025%20mars%202020%20relative%20%C3%A0%20la%20prorogation%20des%20d%C3%A9lais%20%C3%A9chus%20pendant%20la%20p%C3%A9riode%20d%E2%80%99urgence%20sanitaire%20et%20%C3%A0%20l%E2%80%99adaptation%20des%20proc%C3%A9dures%20pendant%20cette%20m%C3%AAme%20p%C3%A9riode&#038;url=https%3A%2F%2Fwww.bcube-avocats.fr%2Factualites%2Fles-precisions-donnees-par-linpi-sur-lordonnance-n2020-306-du-25-mars-2020-relative-a-la-prorogation-des-delais-echus-pendant-la-periode-durgence-sanitaire-et-a-l%2F&#038;mini=true\" class=\"ss-linkedin-color\" rel=\"nofollow noopener\" data-ss-ss-network-id=\"linkedin\" data-ss-ss-post-id=\"124\" data-ss-ss-location=\"inline_content\" data-ss-ss-permalink=\"https:\/\/www.bcube-avocats.fr\/actualites\/les-precisions-donnees-par-linpi-sur-lordonnance-n2020-306-du-25-mars-2020-relative-a-la-prorogation-des-delais-echus-pendant-la-periode-durgence-sanitaire-et-a-l\/\" data-ss-ss-type=\"share\"><span class=\"ss-share-network-content\"><i class=\"ss-network-icon\"><svg class=\"ss-svg-icon\" aria-hidden=\"true\" role=\"img\" focusable=\"false\" width=\"32\" height=\"32\" viewBox=\"0 0 32 32\" xmlns=\"http:\/\/www.w3.org\/2000\/svg\"><path fill-rule=\"evenodd\" d=\"M29.632 0C30.939 0 32 1.032 32 2.307v27.384C32 30.966 30.939 32 29.632 32H2.36C1.058 32 0 30.966 0 29.69V2.308C0 1.032 1.058 0 2.36 0h27.272zM9.149 11.638h-4.77V27h4.77V11.638zm12.133-.382c-2.318 0-3.874 1.273-4.509 2.48h-.066v-2.098H12.14V27h4.76v-7.599c0-2.004.378-3.946 2.858-3.946 2.447 0 2.475 2.29 2.475 4.072V27H27v-8.423c0-4.138-.893-7.32-5.718-7.32v-.001zM6.764 4A2.766 2.766 0 004 6.769a2.765 2.765 0 105.528 0A2.767 2.767 0 006.765 4h-.001z\" \/><\/svg><\/i><\/span><\/a><\/li><li class=\"\"><a href=\"#\" data-ss-ss-link=\"https:\/\/twitter.com\/intent\/tweet?text=Les+pr%C3%A9cisions+donn%C3%A9es+par+l%E2%80%99INPI+sur+l%E2%80%99ordonnance+n%C2%B02020-306+du+25+mars+2020+relative+%C3%A0+la+prorogation+des+d%C3%A9lais+%C3%A9chus+pendant+la+p%C3%A9riode+d%E2%80%99urgence+sanitaire+et+%C3%A0+l%E2%80%99adaptation+des+proc%C3%A9dures+pendant+cette+m%C3%AAme+p%C3%A9riode&#038;url=https%3A%2F%2Fwww.bcube-avocats.fr%2Factualites%2Fles-precisions-donnees-par-linpi-sur-lordonnance-n2020-306-du-25-mars-2020-relative-a-la-prorogation-des-delais-echus-pendant-la-periode-durgence-sanitaire-et-a-l%2F\" class=\"ss-twitter-color\" rel=\"nofollow noopener\" data-ss-ss-network-id=\"twitter\" data-ss-ss-post-id=\"124\" data-ss-ss-location=\"inline_content\" data-ss-ss-permalink=\"https:\/\/www.bcube-avocats.fr\/actualites\/les-precisions-donnees-par-linpi-sur-lordonnance-n2020-306-du-25-mars-2020-relative-a-la-prorogation-des-delais-echus-pendant-la-periode-durgence-sanitaire-et-a-l\/\" data-ss-ss-type=\"share\"><span class=\"ss-share-network-content\"><i class=\"ss-network-icon\"><svg class=\"ss-svg-icon\" aria-hidden=\"true\" role=\"img\" focusable=\"false\" width=\"32\" height=\"32\" viewBox=\"0 0 32 32\" xmlns=\"http:\/\/www.w3.org\/2000\/svg\"><path d=\"M28.75 9.5c0 0.25 0 0.563 0 0.813 0 8.688-6.625 18.688-18.688 18.688-3.688 0-7.188-1.063-10.063-2.938 0.5 0.063 1.063 0.063 1.563 0.063 3.063 0 5.938-1 8.188-2.813-2.875 0-5.313-1.938-6.188-4.563 0.438 0.125 0.813 0.125 1.25 0.125 0.625 0 1.188-0.063 1.75-0.188-3-0.625-5.25-3.313-5.25-6.438 0-0.063 0-0.063 0-0.125 0.875 0.5 1.875 0.813 2.938 0.813-1.75-1.125-2.938-3.188-2.938-5.438 0-1.188 0.375-2.313 0.938-3.313 3.188 4 8.063 6.625 13.5 6.875-0.125-0.5-0.188-1-0.188-1.5 0-3.625 2.938-6.563 6.563-6.563 1.938 0 3.625 0.813 4.813 2.063 1.5-0.313 2.938-0.813 4.188-1.563-0.5 1.5-1.563 2.813-2.875 3.625 1.313-0.188 2.563-0.5 3.75-1.063-0.875 1.313-2 2.5-3.25 3.438z\"><\/path><\/svg><\/i><\/span><\/a><\/li><li class=\"\"><a href=\"#\" data-ss-ss-link=\"https:\/\/www.facebook.com\/sharer.php?t=Les%20pr%C3%A9cisions%20donn%C3%A9es%20par%20l%E2%80%99INPI%20sur%20l%E2%80%99ordonnance%20n%C2%B02020-306%20du%2025%20mars%202020%20relative%20%C3%A0%20la%20prorogation%20des%20d%C3%A9lais%20%C3%A9chus%20pendant%20la%20p%C3%A9riode%20d%E2%80%99urgence%20sanitaire%20et%20%C3%A0%20l%E2%80%99adaptation%20des%20proc%C3%A9dures%20pendant%20cette%20m%C3%AAme%20p%C3%A9riode&#038;u=https%3A%2F%2Fwww.bcube-avocats.fr%2Factualites%2Fles-precisions-donnees-par-linpi-sur-lordonnance-n2020-306-du-25-mars-2020-relative-a-la-prorogation-des-delais-echus-pendant-la-periode-durgence-sanitaire-et-a-l%2F\" class=\"ss-facebook-color\" rel=\"nofollow noopener\" data-ss-ss-network-id=\"facebook\" data-ss-ss-post-id=\"124\" data-ss-ss-location=\"inline_content\" data-ss-ss-permalink=\"https:\/\/www.bcube-avocats.fr\/actualites\/les-precisions-donnees-par-linpi-sur-lordonnance-n2020-306-du-25-mars-2020-relative-a-la-prorogation-des-delais-echus-pendant-la-periode-durgence-sanitaire-et-a-l\/\" data-ss-ss-type=\"share\" data-has-api=\"true\"><span class=\"ss-share-network-content\"><i class=\"ss-network-icon\"><svg class=\"ss-svg-icon\" aria-hidden=\"true\" role=\"img\" focusable=\"false\" width=\"32\" height=\"32\" viewBox=\"0 0 32 32\" xmlns=\"http:\/\/www.w3.org\/2000\/svg\"><path d=\"M32 16.098C32 7.208 24.837 0 16 0S0 7.207 0 16.098C0 24.133 5.851 30.792 13.5 32V20.751H9.437v-4.653H13.5V12.55c0-4.034 2.389-6.263 6.043-6.263 1.751 0 3.582.315 3.582.315v3.961h-2.018c-1.987 0-2.607 1.241-2.607 2.514v3.02h4.438l-.71 4.653H18.5V32C26.149 30.792 32 24.133 32 16.098z\" \/><\/svg><\/i><\/span><\/a><\/li><\/ul><\/div><\/div><\/div>\n<\/div>\n","protected":false},"excerpt":{"rendered":"<p>27 mars 2020 Dans sa d\u00e9cision n\u00b0 2020-33 du 26 mars 2020, le Directeur de l\u2019INPI a rapport\u00e9 sa d\u00e9cision n\u00b0 2020-32 du 16 mars 2020 relative au report de d\u00e9lais li\u00e9 au coronavirus en indiquant que les mesures de prorogation de d\u00e9lais s\u2019appliquant pendant la p\u00e9riode d\u2019urgence sanitaire sont celles r\u00e9sultant de la loi<\/p>\n","protected":false},"author":2,"featured_media":0,"comment_status":"closed","ping_status":"open","sticky":false,"template":"","format":"standard","meta":{"spay_email":""},"categories":[1],"tags":[],"jetpack_featured_media_url":"","_links":{"self":[{"href":"https:\/\/www.bcube-avocats.fr\/actualites\/wp-json\/wp\/v2\/posts\/124"}],"collection":[{"href":"https:\/\/www.bcube-avocats.fr\/actualites\/wp-json\/wp\/v2\/posts"}],"about":[{"href":"https:\/\/www.bcube-avocats.fr\/actualites\/wp-json\/wp\/v2\/types\/post"}],"author":[{"embeddable":true,"href":"https:\/\/www.bcube-avocats.fr\/actualites\/wp-json\/wp\/v2\/users\/2"}],"replies":[{"embeddable":true,"href":"https:\/\/www.bcube-avocats.fr\/actualites\/wp-json\/wp\/v2\/comments?post=124"}],"version-history":[{"count":6,"href":"https:\/\/www.bcube-avocats.fr\/actualites\/wp-json\/wp\/v2\/posts\/124\/revisions"}],"predecessor-version":[{"id":191,"href":"https:\/\/www.bcube-avocats.fr\/actualites\/wp-json\/wp\/v2\/posts\/124\/revisions\/191"}],"wp:attachment":[{"href":"https:\/\/www.bcube-avocats.fr\/actualites\/wp-json\/wp\/v2\/media?parent=124"}],"wp:term":[{"taxonomy":"category","embeddable":true,"href":"https:\/\/www.bcube-avocats.fr\/actualites\/wp-json\/wp\/v2\/categories?post=124"},{"taxonomy":"post_tag","embeddable":true,"href":"https:\/\/www.bcube-avocats.fr\/actualites\/wp-json\/wp\/v2\/tags?post=124"}],"curies":[{"name":"wp","href":"https:\/\/api.w.org\/{rel}","templated":true}]}}