{"id":129,"date":"2020-03-30T08:45:57","date_gmt":"2020-03-30T08:45:57","guid":{"rendered":"\/\/www.bcube-avocats.fr\/actualites?p=129"},"modified":"2020-05-15T09:45:22","modified_gmt":"2020-05-15T09:45:22","slug":"les-changements-operes-par-lordonnance-n2019-1169-du-13-novembre-2019-relative-aux-marques-de-produits-ou-de-services-et-son-decret-dapplication","status":"publish","type":"post","link":"https:\/\/www.bcube-avocats.fr\/actualites\/les-changements-operes-par-lordonnance-n2019-1169-du-13-novembre-2019-relative-aux-marques-de-produits-ou-de-services-et-son-decret-dapplication\/","title":{"rendered":"Les changements op\u00e9r\u00e9s par l\u2019ordonnance n\u00b02019-1169 du 13 novembre 2019 relative aux marques de produits ou de services et son d\u00e9cret d\u2019application"},"content":{"rendered":"\n<p><em>31 mars 2020<\/em><\/p>\n\n\n\n<p>L\u2019ordonnance n\u00b02019-1169, publi\u00e9e au Journal Officiel du 14 novembre 2019, transpose en droit interne la directive (UE) 2015\/2436 rapprochant les l\u00e9gislations des Etats membres sur les marques. Elle est entr\u00e9e en vigueur le 11 d\u00e9cembre 2019 sauf en ce qui concerne les dispositions relatives \u00e0 la proc\u00e9dure en nullit\u00e9 et en d\u00e9ch\u00e9ance de marques.<\/p>\n\n\n\n<p>Parmi ses apports majeurs :<\/p>\n\n\n\n<ul><li><strong>l\u2019all\u00e8gement de l\u2019exigence de repr\u00e9sentation graphique de la marque :<\/strong>&nbsp;le nouvel article l\u2019article L. 711-1 du code de la propri\u00e9t\u00e9 intellectuelle (CPI) permet le d\u00e9p\u00f4t de nouveaux types de signes, lesquels ne sont ni verbaux ni figuratifs, tels que des marques sonores, multim\u00e9dia ou anim\u00e9s &#8211; par le d\u00e9p\u00f4t d\u2019un fichier MP3 ou MP4 sans obligation de repr\u00e9sentation graphique &#8211;&nbsp;;<\/li><\/ul>\n\n\n\n<ul><li><strong>la r\u00e9vision des taxes de d\u00e9p\u00f4t :<\/strong>&nbsp;la taxe forfaitaire de 210 euros initialement pr\u00e9vue pour un d\u00e9p\u00f4t de marque dans 1 \u00e0 3 classes a \u00e9t\u00e9 supprim\u00e9e au profit d\u2019une taxe individuelle fix\u00e9e par classe (190 euros pour la premi\u00e8re classe&nbsp;; 40 euros par classe suppl\u00e9mentaire)&nbsp;;<\/li><\/ul>\n\n\n\n<ul><li><strong>la r\u00e9vision des taxes de renouvellement :<\/strong>&nbsp;la taxe forfaitaire de 250 euros initialement pr\u00e9vue pour le renouvellement d\u2019une marque dans 1 \u00e0 3 classes a \u00e9t\u00e9 supprim\u00e9e au profit d\u2019une taxe individuelle fix\u00e9e par classe (290 euros pour la premi\u00e8re classe&nbsp;; 40 euros par classe suppl\u00e9mentaire)&nbsp;;<\/li><\/ul>\n\n\n\n<ul><li><strong>l\u2019anticipation du d\u00e9lai pour renouveler une marque&nbsp;:&nbsp;<\/strong>une marque peut \u00eatre renouvel\u00e9e un an \u2013 et non plus six mois &#8211; avant le jour de son expiration&nbsp;;<\/li><\/ul>\n\n\n\n<ul><li><strong>la possibilit\u00e9 d\u2019invoquer plusieurs droits ant\u00e9rieurs concomitamment dans une proc\u00e9dure d\u2019opposition&nbsp;:&nbsp;<\/strong>tout comme cela \u00e9tait d\u00e9j\u00e0 le cas aupr\u00e8s de l\u2019EUIPO ou encore aupr\u00e8s des offices de marques italien et allemand, il est d\u00e9sormais possible d\u2019invoquer \u00e0 l\u2019appui de son opposition devant l\u2019INPI l\u2019atteinte \u00e0 un ou plusieurs de ses droits ant\u00e9rieurs ayant effet en France&nbsp;;<\/li><\/ul>\n\n\n\n<ul><li><strong>l\u2019\u00e9largissement de la proc\u00e9dure d\u2019opposition \u00e0 d\u2019autres droits ant\u00e9rieurs&nbsp;:&nbsp;<\/strong>une opposition peut \u00eatre form\u00e9e aupr\u00e8s du Directeur de l\u2019INPI en cas d\u2019atteinte \u00e0 l\u2019un des droits ant\u00e9rieurs suivants ayant effet en France&nbsp;: (i) une marque (marque fran\u00e7aise, marque internationale d\u00e9signant la France ou l\u2019Union europ\u00e9enne, marque de l\u2019Union europ\u00e9enne, marque notoire, marque jouissant d\u2019une renomm\u00e9e en France), (ii) une d\u00e9nomination sociale, (iii) un nom commercial, une enseigne ou un nom de domaine dont la port\u00e9e n\u2019est pas seulement local, (vi) une indication g\u00e9ographique, (v) le nom, l\u2019image ou la renomm\u00e9e d&rsquo;une collectivit\u00e9 territoriale ou d\u2019un \u00e9tablissement public de coop\u00e9ration intercommunale, (vi) ou le nom d\u2019une entit\u00e9 publique (voir nouvel article L. 712-4 du CPI)&nbsp;;<\/li><\/ul>\n\n\n\n<ul><li><strong>les modifications proc\u00e9durales relatives \u00e0 la proc\u00e9dure d\u2019opposition&nbsp;:&nbsp;<\/strong>si le d\u00e9lai pour former une opposition demeure identique \u2013 c\u2019est-\u00e0-dire deux mois suivant la publication de la demande d\u2019enregistrement de marque au BOPI \u2013, l\u2019opposant peut dor\u00e9navant se contenter d\u2019une opposition formelle et fournir son expos\u00e9 des moyens sous un d\u00e9lai compl\u00e9mentaire d\u2019un mois (voir nouveaux articles L. 712-4 et R.&nbsp;712-14 du CPI)&nbsp;;<\/li><\/ul>\n\n\n\n<ul><li><strong>l\u2019exigence renforc\u00e9e concernant l\u2019usage s\u00e9rieux de la marque invoqu\u00e9e dans le cadre de la proc\u00e9dure d\u2019opposition&nbsp;:&nbsp;<\/strong>L\u2019opposition fond\u00e9e sur une marque ant\u00e9rieure enregistr\u00e9e depuis plus de cinq ans sera rejet\u00e9e si son titulaire &#8211; l\u2019opposant &#8211; ne peut \u00e9tablir que sa marque a fait l\u2019objet, pour&nbsp;chacun&nbsp;des produits et\/ou services sur lesquels est fond\u00e9e l&rsquo;opposition, d\u2019un usage s\u00e9rieux au cours des cinq ann\u00e9es pr\u00e9c\u00e9dant la date de d\u00e9p\u00f4t de la demande d\u2019enregistrement contest\u00e9e (voir nouveaux articles L. 712-5-1 et L. 714-5 du CPI)&nbsp;;<\/li><\/ul>\n\n\n\n<ul><li><strong>l\u2019augmentation de la taxe d\u2019opposition&nbsp;:&nbsp;<\/strong>la taxe d\u2019opposition s\u2019\u00e9l\u00e8ve d\u00e9sormais \u00e0 400 euros, et si l\u2019opposition est fond\u00e9e sur plusieurs droits ant\u00e9rieurs une taxe suppl\u00e9mentaire de 150 euros s\u2019applique pour chaque droit invoqu\u00e9 au-del\u00e0 du premier&nbsp;;&nbsp;&nbsp;<\/li><\/ul>\n\n\n\n<ul><li><strong>l\u2019introduction d\u2019une proc\u00e9dure administrative en d\u00e9ch\u00e9ance ou nullit\u00e9 de marque&nbsp;:&nbsp;<\/strong>A compter du 1<sup>er<\/sup>&nbsp;avril 2020, l\u2019INPI sera exclusivement comp\u00e9tent pour conna\u00eetre des demandes principales en d\u00e9ch\u00e9ance et en nullit\u00e9 (voir les articles L. 716-1 et suivants du CPI).<\/li><\/ul>\n\n\n\n<p><em>Sources&nbsp;:<\/em><\/p>\n\n\n\n<ul><li><em>Ordonnance n\u00b0 2019-1169 du 13 novembre 2019 relative aux marques de produits ou de services&nbsp;:&nbsp;<a href=\"https:\/\/www.legifrance.gouv.fr\/eli\/ordonnance\/2019\/11\/13\/2019-1169\/jo\/texte\" target=\"_blank\" rel=\"noreferrer noopener\">https:\/\/www.legifrance.gouv.fr\/eli\/ordonnance\/2019\/11\/13\/2019-1169\/jo\/texte<\/a><\/em><\/li><li><em>D\u00e9cret n\u00b0 2019-1316 du 9 d\u00e9cembre 2019 relatif aux marques de produits ou de services\/&nbsp;<a href=\"https:\/\/www.legifrance.gouv.fr\/eli\/decret\/2019\/12\/9\/ECOI1921599D\/jo\/texte\" target=\"_blank\" rel=\"noreferrer noopener\">https:\/\/www.legifrance.gouv.fr\/eli\/decret\/2019\/12\/9\/ECOI1921599D\/jo\/texte<\/a><\/em><\/li><li><em>Directive (UE) 2015\/2436 du Parlement Europ\u00e9en et du Conseil du 16 d\u00e9cembre 2015 rapprochant les l\u00e9gislations des \u00c9tats membres sur les marques&nbsp;:&nbsp;<a href=\"https:\/\/eur-lex.europa.eu\/legal-content\/FR\/TXT\/PDF\/?uri=CELEX:32015L2436&amp;from=EN\" target=\"_blank\" rel=\"noreferrer noopener\">https:\/\/eur-lex.europa.eu\/legal-content\/FR\/TXT\/PDF\/?uri=CELEX:32015L2436&amp;from=EN<\/a><\/em><\/li><\/ul>\n\n\n\n<div class=\"wp-block-columns\">\n<div class=\"wp-block-column is-vertically-aligned-center\" style=\"flex-basis:33.33%\">\n<p><em>Partagez cet article :<\/em><\/p>\n<\/div>\n\n\n\n<div class=\"wp-block-column is-vertically-aligned-center\" style=\"flex-basis:66.66%\"><div class=\"ss-inline-share-wrapper\"><div class=\"ss-inline-share-content\"><ul class=\"ss-social-icons-container\"><li class=\"\"><a href=\"#\" data-ss-ss-link=\"https:\/\/www.linkedin.com\/shareArticle?title=Les%20changements%20op%C3%A9r%C3%A9s%20par%20l%E2%80%99ordonnance%20n%C2%B02019-1169%20du%2013%20novembre%202019%20relative%20aux%20marques%20de%20produits%20ou%20de%20services%20et%20son%20d%C3%A9cret%20d%E2%80%99application&#038;url=https%3A%2F%2Fwww.bcube-avocats.fr%2Factualites%2Fles-changements-operes-par-lordonnance-n2019-1169-du-13-novembre-2019-relative-aux-marques-de-produits-ou-de-services-et-son-decret-dapplication%2F&#038;mini=true\" class=\"ss-linkedin-color\" rel=\"nofollow noopener\" data-ss-ss-network-id=\"linkedin\" data-ss-ss-post-id=\"129\" data-ss-ss-location=\"inline_content\" data-ss-ss-permalink=\"https:\/\/www.bcube-avocats.fr\/actualites\/les-changements-operes-par-lordonnance-n2019-1169-du-13-novembre-2019-relative-aux-marques-de-produits-ou-de-services-et-son-decret-dapplication\/\" data-ss-ss-type=\"share\"><span class=\"ss-share-network-content\"><i class=\"ss-network-icon\"><svg class=\"ss-svg-icon\" aria-hidden=\"true\" role=\"img\" focusable=\"false\" width=\"32\" height=\"32\" viewBox=\"0 0 32 32\" xmlns=\"http:\/\/www.w3.org\/2000\/svg\"><path fill-rule=\"evenodd\" d=\"M29.632 0C30.939 0 32 1.032 32 2.307v27.384C32 30.966 30.939 32 29.632 32H2.36C1.058 32 0 30.966 0 29.69V2.308C0 1.032 1.058 0 2.36 0h27.272zM9.149 11.638h-4.77V27h4.77V11.638zm12.133-.382c-2.318 0-3.874 1.273-4.509 2.48h-.066v-2.098H12.14V27h4.76v-7.599c0-2.004.378-3.946 2.858-3.946 2.447 0 2.475 2.29 2.475 4.072V27H27v-8.423c0-4.138-.893-7.32-5.718-7.32v-.001zM6.764 4A2.766 2.766 0 004 6.769a2.765 2.765 0 105.528 0A2.767 2.767 0 006.765 4h-.001z\" \/><\/svg><\/i><\/span><\/a><\/li><li class=\"\"><a href=\"#\" data-ss-ss-link=\"https:\/\/twitter.com\/intent\/tweet?text=Les+changements+op%C3%A9r%C3%A9s+par+l%E2%80%99ordonnance+n%C2%B02019-1169+du+13+novembre+2019+relative+aux+marques+de+produits+ou+de+services+et+son+d%C3%A9cret+d%E2%80%99application&#038;url=https%3A%2F%2Fwww.bcube-avocats.fr%2Factualites%2Fles-changements-operes-par-lordonnance-n2019-1169-du-13-novembre-2019-relative-aux-marques-de-produits-ou-de-services-et-son-decret-dapplication%2F\" class=\"ss-twitter-color\" rel=\"nofollow noopener\" data-ss-ss-network-id=\"twitter\" data-ss-ss-post-id=\"129\" data-ss-ss-location=\"inline_content\" data-ss-ss-permalink=\"https:\/\/www.bcube-avocats.fr\/actualites\/les-changements-operes-par-lordonnance-n2019-1169-du-13-novembre-2019-relative-aux-marques-de-produits-ou-de-services-et-son-decret-dapplication\/\" data-ss-ss-type=\"share\"><span class=\"ss-share-network-content\"><i class=\"ss-network-icon\"><svg class=\"ss-svg-icon\" aria-hidden=\"true\" role=\"img\" focusable=\"false\" width=\"32\" height=\"32\" viewBox=\"0 0 32 32\" xmlns=\"http:\/\/www.w3.org\/2000\/svg\"><path d=\"M28.75 9.5c0 0.25 0 0.563 0 0.813 0 8.688-6.625 18.688-18.688 18.688-3.688 0-7.188-1.063-10.063-2.938 0.5 0.063 1.063 0.063 1.563 0.063 3.063 0 5.938-1 8.188-2.813-2.875 0-5.313-1.938-6.188-4.563 0.438 0.125 0.813 0.125 1.25 0.125 0.625 0 1.188-0.063 1.75-0.188-3-0.625-5.25-3.313-5.25-6.438 0-0.063 0-0.063 0-0.125 0.875 0.5 1.875 0.813 2.938 0.813-1.75-1.125-2.938-3.188-2.938-5.438 0-1.188 0.375-2.313 0.938-3.313 3.188 4 8.063 6.625 13.5 6.875-0.125-0.5-0.188-1-0.188-1.5 0-3.625 2.938-6.563 6.563-6.563 1.938 0 3.625 0.813 4.813 2.063 1.5-0.313 2.938-0.813 4.188-1.563-0.5 1.5-1.563 2.813-2.875 3.625 1.313-0.188 2.563-0.5 3.75-1.063-0.875 1.313-2 2.5-3.25 3.438z\"><\/path><\/svg><\/i><\/span><\/a><\/li><li class=\"\"><a href=\"#\" data-ss-ss-link=\"https:\/\/www.facebook.com\/sharer.php?t=Les%20changements%20op%C3%A9r%C3%A9s%20par%20l%E2%80%99ordonnance%20n%C2%B02019-1169%20du%2013%20novembre%202019%20relative%20aux%20marques%20de%20produits%20ou%20de%20services%20et%20son%20d%C3%A9cret%20d%E2%80%99application&#038;u=https%3A%2F%2Fwww.bcube-avocats.fr%2Factualites%2Fles-changements-operes-par-lordonnance-n2019-1169-du-13-novembre-2019-relative-aux-marques-de-produits-ou-de-services-et-son-decret-dapplication%2F\" class=\"ss-facebook-color\" rel=\"nofollow noopener\" data-ss-ss-network-id=\"facebook\" data-ss-ss-post-id=\"129\" data-ss-ss-location=\"inline_content\" data-ss-ss-permalink=\"https:\/\/www.bcube-avocats.fr\/actualites\/les-changements-operes-par-lordonnance-n2019-1169-du-13-novembre-2019-relative-aux-marques-de-produits-ou-de-services-et-son-decret-dapplication\/\" data-ss-ss-type=\"share\" data-has-api=\"true\"><span class=\"ss-share-network-content\"><i class=\"ss-network-icon\"><svg class=\"ss-svg-icon\" aria-hidden=\"true\" role=\"img\" focusable=\"false\" width=\"32\" height=\"32\" viewBox=\"0 0 32 32\" xmlns=\"http:\/\/www.w3.org\/2000\/svg\"><path d=\"M32 16.098C32 7.208 24.837 0 16 0S0 7.207 0 16.098C0 24.133 5.851 30.792 13.5 32V20.751H9.437v-4.653H13.5V12.55c0-4.034 2.389-6.263 6.043-6.263 1.751 0 3.582.315 3.582.315v3.961h-2.018c-1.987 0-2.607 1.241-2.607 2.514v3.02h4.438l-.71 4.653H18.5V32C26.149 30.792 32 24.133 32 16.098z\" \/><\/svg><\/i><\/span><\/a><\/li><\/ul><\/div><\/div><\/div>\n<\/div>\n","protected":false},"excerpt":{"rendered":"<p>31 mars 2020 L\u2019ordonnance n\u00b02019-1169, publi\u00e9e au Journal Officiel du 14 novembre 2019, transpose en droit interne la directive (UE) 2015\/2436 rapprochant les l\u00e9gislations des Etats membres sur les marques. Elle est entr\u00e9e en vigueur le 11 d\u00e9cembre 2019 sauf en ce qui concerne les dispositions relatives \u00e0 la proc\u00e9dure en nullit\u00e9 et en d\u00e9ch\u00e9ance<\/p>\n","protected":false},"author":2,"featured_media":0,"comment_status":"closed","ping_status":"open","sticky":false,"template":"","format":"standard","meta":{"spay_email":""},"categories":[1],"tags":[],"jetpack_featured_media_url":"","_links":{"self":[{"href":"https:\/\/www.bcube-avocats.fr\/actualites\/wp-json\/wp\/v2\/posts\/129"}],"collection":[{"href":"https:\/\/www.bcube-avocats.fr\/actualites\/wp-json\/wp\/v2\/posts"}],"about":[{"href":"https:\/\/www.bcube-avocats.fr\/actualites\/wp-json\/wp\/v2\/types\/post"}],"author":[{"embeddable":true,"href":"https:\/\/www.bcube-avocats.fr\/actualites\/wp-json\/wp\/v2\/users\/2"}],"replies":[{"embeddable":true,"href":"https:\/\/www.bcube-avocats.fr\/actualites\/wp-json\/wp\/v2\/comments?post=129"}],"version-history":[{"count":4,"href":"https:\/\/www.bcube-avocats.fr\/actualites\/wp-json\/wp\/v2\/posts\/129\/revisions"}],"predecessor-version":[{"id":242,"href":"https:\/\/www.bcube-avocats.fr\/actualites\/wp-json\/wp\/v2\/posts\/129\/revisions\/242"}],"wp:attachment":[{"href":"https:\/\/www.bcube-avocats.fr\/actualites\/wp-json\/wp\/v2\/media?parent=129"}],"wp:term":[{"taxonomy":"category","embeddable":true,"href":"https:\/\/www.bcube-avocats.fr\/actualites\/wp-json\/wp\/v2\/categories?post=129"},{"taxonomy":"post_tag","embeddable":true,"href":"https:\/\/www.bcube-avocats.fr\/actualites\/wp-json\/wp\/v2\/tags?post=129"}],"curies":[{"name":"wp","href":"https:\/\/api.w.org\/{rel}","templated":true}]}}