{"id":167,"date":"2020-05-14T12:51:22","date_gmt":"2020-05-14T12:51:22","guid":{"rendered":"https:\/\/www.bcube-avocats.fr\/actualites\/?p=167"},"modified":"2020-05-15T09:29:56","modified_gmt":"2020-05-15T09:29:56","slug":"brexit-le-sort-des-marques-de-lunion-europeenne-apres-le-31-decembre-2020","status":"publish","type":"post","link":"https:\/\/www.bcube-avocats.fr\/actualites\/brexit-le-sort-des-marques-de-lunion-europeenne-apres-le-31-decembre-2020\/","title":{"rendered":"BREXIT : Le sort des marques de l\u2019Union europ\u00e9enne apr\u00e8s le 31 d\u00e9cembre 2020"},"content":{"rendered":"\n<p><em>14 mai 2020<\/em><\/p>\n\n\n\n<p>Le 31 d\u00e9cembre prochain,&nbsp;le Royaume-Uni quitte l\u2019Union europ\u00e9enne. A compter de cette date, les marques de l\u2019Union europ\u00e9enne ainsi que les marques internationales d\u00e9signant l\u2019Union europ\u00e9enne ne seront plus prot\u00e9g\u00e9es sur ce territoire. L\u2019EUIPO et l\u2019Office de la propri\u00e9t\u00e9 industrielle du Royaume-Uni (\u00ab&nbsp;<em>l\u2019UKIPO<\/em>&nbsp;\u00bb) se sont n\u00e9anmoins accord\u00e9es sur des mesures transitoires permettant \u00e0 leur titulaire de conserver leurs droits.<\/p>\n\n\n\n<p><strong>Les <\/strong><strong>marques enregistr\u00e9es au sein de l\u2019Union avant le 1er janvier 2021<\/strong> seront automatiquement \u00ab&nbsp;clon\u00e9es&nbsp;\u00bb par l\u2019UKIPO sans aucun formalisme ni co\u00fbt suppl\u00e9mentaire. Les marques ainsi converties garderont la m\u00eame date de d\u00e9p\u00f4t (celle de la date de d\u00e9signation post\u00e9rieure s\u2019il s\u2019agit d\u2019une marque internationale d\u00e9signant l\u2019UE), la m\u00eame priorit\u00e9 et\/ou la m\u00eame anciennet\u00e9, la m\u00eame liste de produits et\/ou services. La date de renouvellement de la marque clon\u00e9e sera pareillement identique \u00e0 celle de la marque de l\u2019Union europ\u00e9enne dont elle est issue. L\u2019UKIPO leur attribuera un num\u00e9ro national propre compos\u00e9 du pr\u00e9fixe \u00ab&nbsp;UK009&nbsp;\u00bb et des 8 derniers chiffres de la marque de l\u2019Union europ\u00e9enne correspondante et du pr\u00e9fixe \u00ab&nbsp;UK 008&nbsp;\u00bb suivi du num\u00e9ro de d\u00e9p\u00f4t de la marque internationale concern\u00e9e.<\/p>\n\n\n\n<p><strong>Les marques de l\u2019Union europ\u00e9enne en cours d\u2019examen et non encore enregistr\u00e9es au 31 d\u00e9cembre 2020 <\/strong>devront \u00eatre converties en marques britanniques<strong>. <\/strong>Leur titulaire disposera d\u2019un d\u00e9lai de 9 mois \u00e0 compter de la date du Brexit pour demander la conversion aupr\u00e8s de l\u2019UKIPO moyennant le paiement d\u2019une taxe de \u00ab&nbsp;conversation&nbsp;\u00bb dont le montant devrait \u00eatre \u00e9quivalent \u00e0 celui d\u2019un d\u00e9p\u00f4t national britannique. Cette demande aura la m\u00eame date de d\u00e9p\u00f4t et couvrira les m\u00eames produits et services que la marque de l\u2019Union europ\u00e9enne correspondante.<\/p>\n\n\n\n<p><strong>Les marques de l\u2019Union europ\u00e9enne qui seront d\u00e9pos\u00e9es apr\u00e8s le 31 d\u00e9cembre 2020<\/strong> ne seront pas prot\u00e9g\u00e9es au Royaume-Uni. Un d\u00e9p\u00f4t de marque sur ce territoire sera n\u00e9cessaire.<\/p>\n\n\n\n<p>Concr\u00e8tement, apr\u00e8s le Brexit, les titulaires vont se retrouver propri\u00e9taires de deux titres, une marque britannique et une marque de l\u2019Union europ\u00e9enne ou internationale d\u00e9signant l\u2019UE.<\/p>\n\n\n\n<p>Les risques en d\u00e9coulant ne sont pas neutres notamment au moment du renouvellement. Le titulaire devra en effet veiller \u00e0 renouveler la marque clon\u00e9e en m\u00eame temps que la marque de l\u2019Union europ\u00e9enne ou de la marque internationale d\u00e9signant l\u2019UE dont elle est issue. A d\u00e9faut, il perdra ses droits de marque au Royaume-Uni.<\/p>\n\n\n\n<p>Ceci emporte \u00e9galement des cons\u00e9quences pour les titulaires qui ont consenti des contrats de licence sur des marques de l\u2019Union europ\u00e9enne ou internationale visant l\u2019UE \u00e0 des tiers britanniques avant le Brexit. S\u2019ils omettent de renouveler la marque clon\u00e9e, ou encore d\u2019actualiser par avenant le contrat initial en visant la nouvelle marque britannique, ils encourent leur responsabilit\u00e9 vis-\u00e0-vis de ce dernier.<\/p>\n\n\n\n<p><strong>Nos recommandations&nbsp;:<\/strong><\/p>\n\n\n\n<ul><li><strong>Faire un audit de votre portefeuille de marques<\/strong> pour identifier celles qui sont prot\u00e9g\u00e9es au Royaume-Uni uniquement par le biais d\u2019une marque de l\u2019UE ou d\u2019une marque internationale visant l\u2019UE;<\/li><li>Si tel est le cas, <strong>identifier celles qui pr\u00e9senteraient un int\u00e9r\u00eat strat\u00e9gique \u00e0 \u00eatre prot\u00e9g\u00e9es au Royaume-Uni<\/strong>&nbsp;;<\/li><li><strong>Penser \u00e0 actualiser vos contrats de licence<\/strong> sign\u00e9s avant le 31 d\u00e9cembre 2020 portant sur une marque de l\u2019Union europ\u00e9enne en visant express\u00e9ment la marque britannique clon\u00e9e&nbsp;;<\/li><li><strong>Mettre en place un syst\u00e8me de surveillance sp\u00e9cifique au Royaume-Uni<\/strong> afin d\u2019identifier toutes demandes de marques britanniques potentiellement contrefaisantes&nbsp;;<\/li><li><strong>Actualiser les accords de coexistence et\/ou protocole d\u2019accord transactionnel<\/strong> portant sur des marques de l\u2019Union europ\u00e9enne de fa\u00e7on \u00e0 r\u00e9gler le sort des \u00e9ventuelles marques britanniques qui viendraient \u00e0 \u00eatre d\u00e9pos\u00e9es<\/li><\/ul>\n\n\n\n<p>BCUBE se tient \u00e0 votre disposition pour l\u2019ensemble de ces formalit\u00e9s.&nbsp;<\/p>\n\n\n\n<div class=\"wp-block-columns\">\n<div class=\"wp-block-column is-vertically-aligned-center\" style=\"flex-basis:33.33%\">\n<p><em>Partagez cet article :<\/em><\/p>\n<\/div>\n\n\n\n<div class=\"wp-block-column is-vertically-aligned-center\" style=\"flex-basis:66.66%\"><div class=\"ss-inline-share-wrapper\"><div class=\"ss-inline-share-content\"><ul class=\"ss-social-icons-container\"><li class=\"\"><a href=\"#\" data-ss-ss-link=\"https:\/\/www.linkedin.com\/shareArticle?title=BREXIT%20%3A%20Le%20sort%20des%20marques%20de%20l%E2%80%99Union%20europ%C3%A9enne%20apr%C3%A8s%20le%2031%20d%C3%A9cembre%202020&#038;url=https%3A%2F%2Fwww.bcube-avocats.fr%2Factualites%2Fbrexit-le-sort-des-marques-de-lunion-europeenne-apres-le-31-decembre-2020%2F&#038;mini=true\" class=\"ss-linkedin-color\" rel=\"nofollow noopener\" data-ss-ss-network-id=\"linkedin\" data-ss-ss-post-id=\"167\" data-ss-ss-location=\"inline_content\" data-ss-ss-permalink=\"https:\/\/www.bcube-avocats.fr\/actualites\/brexit-le-sort-des-marques-de-lunion-europeenne-apres-le-31-decembre-2020\/\" data-ss-ss-type=\"share\"><span class=\"ss-share-network-content\"><i class=\"ss-network-icon\"><svg class=\"ss-svg-icon\" aria-hidden=\"true\" role=\"img\" focusable=\"false\" width=\"32\" height=\"32\" viewBox=\"0 0 32 32\" xmlns=\"http:\/\/www.w3.org\/2000\/svg\"><path fill-rule=\"evenodd\" d=\"M29.632 0C30.939 0 32 1.032 32 2.307v27.384C32 30.966 30.939 32 29.632 32H2.36C1.058 32 0 30.966 0 29.69V2.308C0 1.032 1.058 0 2.36 0h27.272zM9.149 11.638h-4.77V27h4.77V11.638zm12.133-.382c-2.318 0-3.874 1.273-4.509 2.48h-.066v-2.098H12.14V27h4.76v-7.599c0-2.004.378-3.946 2.858-3.946 2.447 0 2.475 2.29 2.475 4.072V27H27v-8.423c0-4.138-.893-7.32-5.718-7.32v-.001zM6.764 4A2.766 2.766 0 004 6.769a2.765 2.765 0 105.528 0A2.767 2.767 0 006.765 4h-.001z\" \/><\/svg><\/i><\/span><\/a><\/li><li class=\"\"><a href=\"#\" data-ss-ss-link=\"https:\/\/twitter.com\/intent\/tweet?text=BREXIT+%3A+Le+sort+des+marques+de+l%E2%80%99Union+europ%C3%A9enne+apr%C3%A8s+le+31+d%C3%A9cembre+2020&#038;url=https%3A%2F%2Fwww.bcube-avocats.fr%2Factualites%2Fbrexit-le-sort-des-marques-de-lunion-europeenne-apres-le-31-decembre-2020%2F\" class=\"ss-twitter-color\" rel=\"nofollow noopener\" data-ss-ss-network-id=\"twitter\" data-ss-ss-post-id=\"167\" data-ss-ss-location=\"inline_content\" data-ss-ss-permalink=\"https:\/\/www.bcube-avocats.fr\/actualites\/brexit-le-sort-des-marques-de-lunion-europeenne-apres-le-31-decembre-2020\/\" data-ss-ss-type=\"share\"><span class=\"ss-share-network-content\"><i class=\"ss-network-icon\"><svg class=\"ss-svg-icon\" aria-hidden=\"true\" role=\"img\" focusable=\"false\" width=\"32\" height=\"32\" viewBox=\"0 0 32 32\" xmlns=\"http:\/\/www.w3.org\/2000\/svg\"><path d=\"M28.75 9.5c0 0.25 0 0.563 0 0.813 0 8.688-6.625 18.688-18.688 18.688-3.688 0-7.188-1.063-10.063-2.938 0.5 0.063 1.063 0.063 1.563 0.063 3.063 0 5.938-1 8.188-2.813-2.875 0-5.313-1.938-6.188-4.563 0.438 0.125 0.813 0.125 1.25 0.125 0.625 0 1.188-0.063 1.75-0.188-3-0.625-5.25-3.313-5.25-6.438 0-0.063 0-0.063 0-0.125 0.875 0.5 1.875 0.813 2.938 0.813-1.75-1.125-2.938-3.188-2.938-5.438 0-1.188 0.375-2.313 0.938-3.313 3.188 4 8.063 6.625 13.5 6.875-0.125-0.5-0.188-1-0.188-1.5 0-3.625 2.938-6.563 6.563-6.563 1.938 0 3.625 0.813 4.813 2.063 1.5-0.313 2.938-0.813 4.188-1.563-0.5 1.5-1.563 2.813-2.875 3.625 1.313-0.188 2.563-0.5 3.75-1.063-0.875 1.313-2 2.5-3.25 3.438z\"><\/path><\/svg><\/i><\/span><\/a><\/li><li class=\"\"><a href=\"#\" data-ss-ss-link=\"https:\/\/www.facebook.com\/sharer.php?t=BREXIT%20%3A%20Le%20sort%20des%20marques%20de%20l%E2%80%99Union%20europ%C3%A9enne%20apr%C3%A8s%20le%2031%20d%C3%A9cembre%202020&#038;u=https%3A%2F%2Fwww.bcube-avocats.fr%2Factualites%2Fbrexit-le-sort-des-marques-de-lunion-europeenne-apres-le-31-decembre-2020%2F\" class=\"ss-facebook-color\" rel=\"nofollow noopener\" data-ss-ss-network-id=\"facebook\" data-ss-ss-post-id=\"167\" data-ss-ss-location=\"inline_content\" data-ss-ss-permalink=\"https:\/\/www.bcube-avocats.fr\/actualites\/brexit-le-sort-des-marques-de-lunion-europeenne-apres-le-31-decembre-2020\/\" data-ss-ss-type=\"share\" data-has-api=\"true\"><span class=\"ss-share-network-content\"><i class=\"ss-network-icon\"><svg class=\"ss-svg-icon\" aria-hidden=\"true\" role=\"img\" focusable=\"false\" width=\"32\" height=\"32\" viewBox=\"0 0 32 32\" xmlns=\"http:\/\/www.w3.org\/2000\/svg\"><path d=\"M32 16.098C32 7.208 24.837 0 16 0S0 7.207 0 16.098C0 24.133 5.851 30.792 13.5 32V20.751H9.437v-4.653H13.5V12.55c0-4.034 2.389-6.263 6.043-6.263 1.751 0 3.582.315 3.582.315v3.961h-2.018c-1.987 0-2.607 1.241-2.607 2.514v3.02h4.438l-.71 4.653H18.5V32C26.149 30.792 32 24.133 32 16.098z\" \/><\/svg><\/i><\/span><\/a><\/li><\/ul><\/div><\/div>\n\n\n<p><\/p>\n<\/div>\n<\/div>\n\n\n\n<p><\/p>\n","protected":false},"excerpt":{"rendered":"<p>14 mai 2020 Le 31 d\u00e9cembre prochain,&nbsp;le Royaume-Uni quitte l\u2019Union europ\u00e9enne. A compter de cette date, les marques de l\u2019Union europ\u00e9enne ainsi que les marques internationales d\u00e9signant l\u2019Union europ\u00e9enne ne seront plus prot\u00e9g\u00e9es sur ce territoire. L\u2019EUIPO et l\u2019Office de la propri\u00e9t\u00e9 industrielle du Royaume-Uni (\u00ab&nbsp;l\u2019UKIPO&nbsp;\u00bb) se sont n\u00e9anmoins accord\u00e9es sur des mesures transitoires permettant<\/p>\n","protected":false},"author":3,"featured_media":0,"comment_status":"closed","ping_status":"open","sticky":false,"template":"","format":"standard","meta":{"spay_email":""},"categories":[1],"tags":[],"jetpack_featured_media_url":"","_links":{"self":[{"href":"https:\/\/www.bcube-avocats.fr\/actualites\/wp-json\/wp\/v2\/posts\/167"}],"collection":[{"href":"https:\/\/www.bcube-avocats.fr\/actualites\/wp-json\/wp\/v2\/posts"}],"about":[{"href":"https:\/\/www.bcube-avocats.fr\/actualites\/wp-json\/wp\/v2\/types\/post"}],"author":[{"embeddable":true,"href":"https:\/\/www.bcube-avocats.fr\/actualites\/wp-json\/wp\/v2\/users\/3"}],"replies":[{"embeddable":true,"href":"https:\/\/www.bcube-avocats.fr\/actualites\/wp-json\/wp\/v2\/comments?post=167"}],"version-history":[{"count":3,"href":"https:\/\/www.bcube-avocats.fr\/actualites\/wp-json\/wp\/v2\/posts\/167\/revisions"}],"predecessor-version":[{"id":174,"href":"https:\/\/www.bcube-avocats.fr\/actualites\/wp-json\/wp\/v2\/posts\/167\/revisions\/174"}],"wp:attachment":[{"href":"https:\/\/www.bcube-avocats.fr\/actualites\/wp-json\/wp\/v2\/media?parent=167"}],"wp:term":[{"taxonomy":"category","embeddable":true,"href":"https:\/\/www.bcube-avocats.fr\/actualites\/wp-json\/wp\/v2\/categories?post=167"},{"taxonomy":"post_tag","embeddable":true,"href":"https:\/\/www.bcube-avocats.fr\/actualites\/wp-json\/wp\/v2\/tags?post=167"}],"curies":[{"name":"wp","href":"https:\/\/api.w.org\/{rel}","templated":true}]}}