{"id":206,"date":"2020-05-25T08:18:25","date_gmt":"2020-05-25T08:18:25","guid":{"rendered":"https:\/\/www.bcube-avocats.fr\/actualites\/?p=206"},"modified":"2020-05-25T08:27:30","modified_gmt":"2020-05-25T08:27:30","slug":"reforme-du-droit-des-marques-les-points-a-retenir","status":"publish","type":"post","link":"https:\/\/www.bcube-avocats.fr\/actualites\/reforme-du-droit-des-marques-les-points-a-retenir\/","title":{"rendered":"REFORME DU DROIT DES MARQUES : LES POINTS A RETENIR"},"content":{"rendered":"\n<p><em>25 mai 2020<\/em><\/p>\n\n\n\n<p>Le 16 d\u00e9cembre 2015, le Parlement europ\u00e9en a adopt\u00e9 la<strong> <a rel=\"noreferrer noopener\" href=\"https:\/\/eur-lex.europa.eu\/legal-content\/FR\/TXT\/HTML\/?uri=CELEX:32015L2436&amp;from=EN\" target=\"_blank\">directive (UE) 2015\/2436<\/a>, dite \u00ab Paquet Marques \u00bb, <\/strong>ayant pour but d\u2019harmoniser et de moderniser le droit des marques au sein de l\u2019Union europ\u00e9enne.<\/p>\n\n\n\n<p>Transpos\u00e9es en droit fran\u00e7ais au sein du Code de la propri\u00e9t\u00e9 intellectuelle notamment par<strong> l\u2019<a href=\"https:\/\/www.legifrance.gouv.fr\/affichTexte.do?cidTexte=JORFTEXT000039373287&amp;categorieLien=id\" target=\"_blank\" rel=\"noreferrer noopener\">ordonnance n\u00b02019-1169 du 13 novembre 2019<\/a> <\/strong>relative aux marques de produits ou de services et par<strong> le <a href=\"https:\/\/www.legifrance.gouv.fr\/affichTexte.do?cidTexte=JORFTEXT000039467798&amp;categorieLien=id\" target=\"_blank\" rel=\"noreferrer noopener\">d\u00e9cret d\u2019application n\u00b02019-1316 du 9 d\u00e9cembre 2019<\/a>, <\/strong><strong>les nouvelles dispositions<\/strong><strong>sont entr\u00e9es en vigueur le 11 d\u00e9cembre 2019<\/strong>,\u00e0 l\u2019exception de celles relatives \u00e0 la proc\u00e9dure en nullit\u00e9 et en d\u00e9ch\u00e9ance applicables \u00e0 compter du 1er avril 2020.<\/p>\n\n\n\n<p>L\u2019objectif affirm\u00e9 de la r\u00e9forme est de&nbsp;:<\/p>\n\n\n\n<ul><li><strong>Permettre le d\u00e9p\u00f4t de nouvelles marques<\/strong> (marques sonores ou anim\u00e9es) du fait de la suppression de l\u2019exigence de repr\u00e9sentation graphique de la marque,<\/li><li><strong>Assurer une plus grande disponibilit\u00e9 des signes <\/strong>en favorisant le d\u00e9p\u00f4t de marque ciblant davantage les produits et services correspondant \u00e0 leur activit\u00e9 avec la suppression du forfait pour trois classes au profit d\u2019un syst\u00e8me de taxe par classe (taxe de 190 euros pour une classe et de 40 euros par classe suppl\u00e9mentaire au-del\u00e0 de la premi\u00e8re),<\/li><li><strong>Elargir la proc\u00e9dure d\u2019opposition<\/strong> \u00e0 d\u2019autres droits ant\u00e9rieurs que la marque, comme les d\u00e9nominations sociales, les noms commerciaux, enseignes et noms de domaines, les indications g\u00e9ographiques enregistr\u00e9es, le nom, l\u2019image ou la renomm\u00e9e d\u2019une entit\u00e9 publique \u00e0 condition qu\u2019ils appartiennent au m\u00eame titulaire,<\/li><li><strong>D\u00e9judiciariser une partie du contentieux en conf\u00e9rant une comp\u00e9tence exclusive \u00e0 l\u2019INPI<\/strong> pour&nbsp;l\u2019ensemble des actions form\u00e9es \u00e0 titre principal&nbsp;en d\u00e9ch\u00e9ance (d\u00e9faut d\u2019usage, d\u00e9g\u00e9n\u00e9rescence, induction du public en erreur) ainsi que les actions form\u00e9es \u00e0 titre principal en nullit\u00e9 sur des motifs absolus&nbsp;(absence de caract\u00e8re distinctif) et sur des motifs relatifs (existence de droit ant\u00e9rieur),<\/li><li><strong>Lutter contre les marques \u00ab&nbsp;dormantes&nbsp;\u00bb <\/strong>notamment en renfor\u00e7ant la preuve de l\u2019usage de la marque ant\u00e9rieure enregistr\u00e9e depuis plus de 5 ans, pour chaque produit ou service, lorsque celle-ci est invoqu\u00e9e \u00e0 l\u2019appui d\u2019une opposition, <\/li><li><strong>Renforcer la lutte contre la contrefa\u00e7on<\/strong> en \u00e9largissant la liste des actes ou usages consid\u00e9r\u00e9s comme contrefaisants (comme l\u2019atteinte port\u00e9e \u00e0 une marque de renomm\u00e9e), en pr\u00e9voyant que les autorit\u00e9s douani\u00e8res pourront r\u00e9aliser des retenues sans que le titulaire de la marque ait \u00e0 prouver que ces produits sont destin\u00e9s \u00e0 un \u00c9tat o\u00f9 leur commercialisation est interdite, en offrant la possibilit\u00e9 aux licenci\u00e9s d\u2019initier cette action avec l\u2019accord du propri\u00e9taire de la marque contrefaite et d\u00e8s lors o\u00f9 son contrat ne le lui interdit pas.<\/li><\/ul>\n\n\n\n<p><strong>NOS <\/strong><strong>RECOMMANDATIONS&nbsp;:<\/strong><strong><\/strong><\/p>\n\n\n\n<ul><li>Exploiter les marques que vous d\u00e9posez pour \u00e9viter d\u2019en perdre la propri\u00e9t\u00e9&nbsp;;<\/li><li>D\u00e9poser vos marques avec des libell\u00e9s couvrant vos activit\u00e9s de fa\u00e7on \u00e0 pouvoir justifier de leur usage&nbsp;;<\/li><li>Conserver les preuves d\u2019exploitation de vos marques de fa\u00e7on \u00e0 pouvoir justifier de leur usage et penser \u00e0 faire \u00e9tablir des enqu\u00eates de notori\u00e9t\u00e9&nbsp;;<\/li><li>Penser \u00e0 prot\u00e9ger les signes dont le d\u00e9p\u00f4t est d\u00e9sormais \u00ab&nbsp;techniquement&nbsp;\u00bb possible.<\/li><\/ul>\n\n\n\n<div class=\"wp-block-columns\">\n<div class=\"wp-block-column is-vertically-aligned-center\" style=\"flex-basis:33.33%\">\n<p><em>Partagez cet article :<\/em><\/p>\n<\/div>\n\n\n\n<div class=\"wp-block-column is-vertically-aligned-center\" style=\"flex-basis:66.66%\"><div class=\"ss-inline-share-wrapper\"><div class=\"ss-inline-share-content\"><ul class=\"ss-social-icons-container\"><li class=\"\"><a href=\"#\" data-ss-ss-link=\"https:\/\/www.linkedin.com\/shareArticle?title=REFORME%20DU%20DROIT%20DES%20MARQUES%20%3A%20LES%20POINTS%20A%20RETENIR&#038;url=https%3A%2F%2Fwww.bcube-avocats.fr%2Factualites%2Freforme-du-droit-des-marques-les-points-a-retenir%2F&#038;mini=true\" class=\"ss-linkedin-color\" rel=\"nofollow noopener\" data-ss-ss-network-id=\"linkedin\" data-ss-ss-post-id=\"206\" data-ss-ss-location=\"inline_content\" data-ss-ss-permalink=\"https:\/\/www.bcube-avocats.fr\/actualites\/reforme-du-droit-des-marques-les-points-a-retenir\/\" data-ss-ss-type=\"share\"><span class=\"ss-share-network-content\"><i class=\"ss-network-icon\"><svg class=\"ss-svg-icon\" aria-hidden=\"true\" role=\"img\" focusable=\"false\" width=\"32\" height=\"32\" viewBox=\"0 0 32 32\" xmlns=\"http:\/\/www.w3.org\/2000\/svg\"><path fill-rule=\"evenodd\" d=\"M29.632 0C30.939 0 32 1.032 32 2.307v27.384C32 30.966 30.939 32 29.632 32H2.36C1.058 32 0 30.966 0 29.69V2.308C0 1.032 1.058 0 2.36 0h27.272zM9.149 11.638h-4.77V27h4.77V11.638zm12.133-.382c-2.318 0-3.874 1.273-4.509 2.48h-.066v-2.098H12.14V27h4.76v-7.599c0-2.004.378-3.946 2.858-3.946 2.447 0 2.475 2.29 2.475 4.072V27H27v-8.423c0-4.138-.893-7.32-5.718-7.32v-.001zM6.764 4A2.766 2.766 0 004 6.769a2.765 2.765 0 105.528 0A2.767 2.767 0 006.765 4h-.001z\" \/><\/svg><\/i><\/span><\/a><\/li><li class=\"\"><a href=\"#\" data-ss-ss-link=\"https:\/\/twitter.com\/intent\/tweet?text=REFORME+DU+DROIT+DES+MARQUES+%3A+LES+POINTS+A+RETENIR&#038;url=https%3A%2F%2Fwww.bcube-avocats.fr%2Factualites%2Freforme-du-droit-des-marques-les-points-a-retenir%2F\" class=\"ss-twitter-color\" rel=\"nofollow noopener\" data-ss-ss-network-id=\"twitter\" data-ss-ss-post-id=\"206\" data-ss-ss-location=\"inline_content\" data-ss-ss-permalink=\"https:\/\/www.bcube-avocats.fr\/actualites\/reforme-du-droit-des-marques-les-points-a-retenir\/\" data-ss-ss-type=\"share\"><span class=\"ss-share-network-content\"><i class=\"ss-network-icon\"><svg class=\"ss-svg-icon\" aria-hidden=\"true\" role=\"img\" focusable=\"false\" width=\"32\" height=\"32\" viewBox=\"0 0 32 32\" xmlns=\"http:\/\/www.w3.org\/2000\/svg\"><path d=\"M28.75 9.5c0 0.25 0 0.563 0 0.813 0 8.688-6.625 18.688-18.688 18.688-3.688 0-7.188-1.063-10.063-2.938 0.5 0.063 1.063 0.063 1.563 0.063 3.063 0 5.938-1 8.188-2.813-2.875 0-5.313-1.938-6.188-4.563 0.438 0.125 0.813 0.125 1.25 0.125 0.625 0 1.188-0.063 1.75-0.188-3-0.625-5.25-3.313-5.25-6.438 0-0.063 0-0.063 0-0.125 0.875 0.5 1.875 0.813 2.938 0.813-1.75-1.125-2.938-3.188-2.938-5.438 0-1.188 0.375-2.313 0.938-3.313 3.188 4 8.063 6.625 13.5 6.875-0.125-0.5-0.188-1-0.188-1.5 0-3.625 2.938-6.563 6.563-6.563 1.938 0 3.625 0.813 4.813 2.063 1.5-0.313 2.938-0.813 4.188-1.563-0.5 1.5-1.563 2.813-2.875 3.625 1.313-0.188 2.563-0.5 3.75-1.063-0.875 1.313-2 2.5-3.25 3.438z\"><\/path><\/svg><\/i><\/span><\/a><\/li><li class=\"\"><a href=\"#\" data-ss-ss-link=\"https:\/\/www.facebook.com\/sharer.php?t=REFORME%20DU%20DROIT%20DES%20MARQUES%20%3A%20LES%20POINTS%20A%20RETENIR&#038;u=https%3A%2F%2Fwww.bcube-avocats.fr%2Factualites%2Freforme-du-droit-des-marques-les-points-a-retenir%2F\" class=\"ss-facebook-color\" rel=\"nofollow noopener\" data-ss-ss-network-id=\"facebook\" data-ss-ss-post-id=\"206\" data-ss-ss-location=\"inline_content\" data-ss-ss-permalink=\"https:\/\/www.bcube-avocats.fr\/actualites\/reforme-du-droit-des-marques-les-points-a-retenir\/\" data-ss-ss-type=\"share\" data-has-api=\"true\"><span class=\"ss-share-network-content\"><i class=\"ss-network-icon\"><svg class=\"ss-svg-icon\" aria-hidden=\"true\" role=\"img\" focusable=\"false\" width=\"32\" height=\"32\" viewBox=\"0 0 32 32\" xmlns=\"http:\/\/www.w3.org\/2000\/svg\"><path d=\"M32 16.098C32 7.208 24.837 0 16 0S0 7.207 0 16.098C0 24.133 5.851 30.792 13.5 32V20.751H9.437v-4.653H13.5V12.55c0-4.034 2.389-6.263 6.043-6.263 1.751 0 3.582.315 3.582.315v3.961h-2.018c-1.987 0-2.607 1.241-2.607 2.514v3.02h4.438l-.71 4.653H18.5V32C26.149 30.792 32 24.133 32 16.098z\" \/><\/svg><\/i><\/span><\/a><\/li><\/ul><\/div><\/div><\/div>\n<\/div>\n\n\n\n<p><\/p>\n","protected":false},"excerpt":{"rendered":"<p>25 mai 2020 Le 16 d\u00e9cembre 2015, le Parlement europ\u00e9en a adopt\u00e9 la directive (UE) 2015\/2436, dite \u00ab Paquet Marques \u00bb, ayant pour but d\u2019harmoniser et de moderniser le droit des marques au sein de l\u2019Union europ\u00e9enne. Transpos\u00e9es en droit fran\u00e7ais au sein du Code de la propri\u00e9t\u00e9 intellectuelle notamment par l\u2019ordonnance n\u00b02019-1169 du 13<\/p>\n","protected":false},"author":3,"featured_media":0,"comment_status":"closed","ping_status":"open","sticky":false,"template":"","format":"standard","meta":{"spay_email":""},"categories":[1],"tags":[],"jetpack_featured_media_url":"","_links":{"self":[{"href":"https:\/\/www.bcube-avocats.fr\/actualites\/wp-json\/wp\/v2\/posts\/206"}],"collection":[{"href":"https:\/\/www.bcube-avocats.fr\/actualites\/wp-json\/wp\/v2\/posts"}],"about":[{"href":"https:\/\/www.bcube-avocats.fr\/actualites\/wp-json\/wp\/v2\/types\/post"}],"author":[{"embeddable":true,"href":"https:\/\/www.bcube-avocats.fr\/actualites\/wp-json\/wp\/v2\/users\/3"}],"replies":[{"embeddable":true,"href":"https:\/\/www.bcube-avocats.fr\/actualites\/wp-json\/wp\/v2\/comments?post=206"}],"version-history":[{"count":3,"href":"https:\/\/www.bcube-avocats.fr\/actualites\/wp-json\/wp\/v2\/posts\/206\/revisions"}],"predecessor-version":[{"id":212,"href":"https:\/\/www.bcube-avocats.fr\/actualites\/wp-json\/wp\/v2\/posts\/206\/revisions\/212"}],"wp:attachment":[{"href":"https:\/\/www.bcube-avocats.fr\/actualites\/wp-json\/wp\/v2\/media?parent=206"}],"wp:term":[{"taxonomy":"category","embeddable":true,"href":"https:\/\/www.bcube-avocats.fr\/actualites\/wp-json\/wp\/v2\/categories?post=206"},{"taxonomy":"post_tag","embeddable":true,"href":"https:\/\/www.bcube-avocats.fr\/actualites\/wp-json\/wp\/v2\/tags?post=206"}],"curies":[{"name":"wp","href":"https:\/\/api.w.org\/{rel}","templated":true}]}}