{"id":99,"date":"2020-03-23T14:11:00","date_gmt":"2020-03-23T14:11:00","guid":{"rendered":"\/\/www.bcube-avocats.fr\/actualites?p=99"},"modified":"2020-05-15T09:57:42","modified_gmt":"2020-05-15T09:57:42","slug":"covid-19-delais-accordes-par-linpi-et-leuipo","status":"publish","type":"post","link":"https:\/\/www.bcube-avocats.fr\/actualites\/covid-19-delais-accordes-par-linpi-et-leuipo\/","title":{"rendered":"COVID-19 | D\u00e9lais accord\u00e9s par l\u2019INPI et l\u2019EUIPO"},"content":{"rendered":"\n<p><em>23 mars 2020<\/em><\/p>\n\n\n\n<p>En raison du contexte sanitaire li\u00e9 au coronavirus, l\u2019Institut national de la propri\u00e9t\u00e9 industrielle (INPI) et l\u2019 Office de l\u2019Union europ\u00e9enne pour la Propri\u00e9t\u00e9 Intellectuelle (EUIPO) ont pris des d\u00e9cisions pour report\u00e9s certains d\u00e9lais administratifs.<\/p>\n\n\n\n<h3>I- INPI<\/h3>\n\n\n\n<p>Dans sa d\u00e9cision n\u00b02020-32, le Directeur G\u00e9n\u00e9ral de l\u2019INPI a report\u00e9 de quatre mois suppl\u00e9mentaires les d\u00e9lais vis\u00e9s aux articles R. 514-1, R. 618-4 et R. 718-1 du code de la propri\u00e9t\u00e9 intellectuelle et non \u00e9chus \u00e0 la date du 16 mars 2020.<\/p>\n\n\n\n<p>Il s\u2019agit de tous les d\u00e9lais relatifs \u00e0 l\u2019examen et \u00e0 la d\u00e9livrance des titres de propri\u00e9t\u00e9 intellectuelle &#8211; brevets, marques, dessins et mod\u00e8les.<\/p>\n\n\n\n<p>En revanche, les dates relatives au renouvellement des titres de propri\u00e9t\u00e9 industrielle, et les d\u00e9lais relatifs aux proc\u00e9dures d\u2019opposition ne b\u00e9n\u00e9ficient d\u2019aucun report.<\/p>\n\n\n\n<p><em>D\u00e9cision INPI accessible \u00e0 partir du lien suivant : <a href=\"https:\/\/www.inpi.fr\/sites\/default\/files\/decision_2020-32_report_delais_coronavirus_16_mars_20.pdf\">https:\/\/www.inpi.fr\/sites\/default\/files\/decision_2020-32_report_delais_coronavirus_16_mars_20.pdf<\/a><\/em><\/p>\n\n\n\n<h3>II- EUIPO<\/h3>\n\n\n\n<p>Dans sa d\u00e9cision EX-20-3, le Directeur ex\u00e9cutif de l\u2019EUIPO a indiqu\u00e9 que tous les d\u00e9lais, qui affectent les parties aux proc\u00e9dures devant l\u2019Office \u00e0 compter du 9 mars 2020 et jusqu\u2019au 30 avril 2020, seront prolong\u00e9s jusqu&rsquo;au 4 mai 2020 (le 1er mai \u00e9tant f\u00e9ri\u00e9).<\/p>\n\n\n\n<p><em>D\u00e9cision EUIPO accessible \u00e0 partir du lien suivant : <a href=\"https:\/\/euipo.europa.eu\/tunnelweb\/secure\/webdav\/guest\/document_library\/contentPdfs\/law_and_practice\/decisions_president\/EX-20-03_en.pdf?utm_source=Flowbird&amp;utm_medium=email&amp;utm_campaign=Flowbird+campaign+48340&amp;ad_sid=982711153\">https:\/\/euipo.europa.eu\/tunnelweb\/secure\/webdav\/guest\/document_library\/contentPdfs\/law_and_practice\/decisions_president\/EX-20-03_en.pdf?utm_source=Flowbird&amp;utm_medium=email&amp;utm_campaign=Flowbird+campaign+48340&amp;ad_sid=982711153<\/a><\/em><\/p>\n\n\n\n<div class=\"wp-block-columns\">\n<div class=\"wp-block-column is-vertically-aligned-center\" style=\"flex-basis:33.33%\">\n<p><em>Partagez cet article :<\/em><\/p>\n<\/div>\n\n\n\n<div class=\"wp-block-column is-vertically-aligned-center\" style=\"flex-basis:66.66%\"><div class=\"ss-inline-share-wrapper\"><div class=\"ss-inline-share-content\"><ul class=\"ss-social-icons-container\"><li class=\"\"><a href=\"#\" data-ss-ss-link=\"https:\/\/www.linkedin.com\/shareArticle?title=COVID-19%20%7C%20D%C3%A9lais%20accord%C3%A9s%20par%20l%E2%80%99INPI%20et%20l%E2%80%99EUIPO&#038;url=https%3A%2F%2Fwww.bcube-avocats.fr%2Factualites%2Fcovid-19-delais-accordes-par-linpi-et-leuipo%2F&#038;mini=true\" class=\"ss-linkedin-color\" rel=\"nofollow noopener\" data-ss-ss-network-id=\"linkedin\" data-ss-ss-post-id=\"99\" data-ss-ss-location=\"inline_content\" data-ss-ss-permalink=\"https:\/\/www.bcube-avocats.fr\/actualites\/covid-19-delais-accordes-par-linpi-et-leuipo\/\" data-ss-ss-type=\"share\"><span class=\"ss-share-network-content\"><i class=\"ss-network-icon\"><svg class=\"ss-svg-icon\" aria-hidden=\"true\" role=\"img\" focusable=\"false\" width=\"32\" height=\"32\" viewBox=\"0 0 32 32\" xmlns=\"http:\/\/www.w3.org\/2000\/svg\"><path fill-rule=\"evenodd\" d=\"M29.632 0C30.939 0 32 1.032 32 2.307v27.384C32 30.966 30.939 32 29.632 32H2.36C1.058 32 0 30.966 0 29.69V2.308C0 1.032 1.058 0 2.36 0h27.272zM9.149 11.638h-4.77V27h4.77V11.638zm12.133-.382c-2.318 0-3.874 1.273-4.509 2.48h-.066v-2.098H12.14V27h4.76v-7.599c0-2.004.378-3.946 2.858-3.946 2.447 0 2.475 2.29 2.475 4.072V27H27v-8.423c0-4.138-.893-7.32-5.718-7.32v-.001zM6.764 4A2.766 2.766 0 004 6.769a2.765 2.765 0 105.528 0A2.767 2.767 0 006.765 4h-.001z\" \/><\/svg><\/i><\/span><\/a><\/li><li class=\"\"><a href=\"#\" data-ss-ss-link=\"https:\/\/twitter.com\/intent\/tweet?text=COVID-19+%7C+D%C3%A9lais+accord%C3%A9s+par+l%E2%80%99INPI+et+l%E2%80%99EUIPO&#038;url=https%3A%2F%2Fwww.bcube-avocats.fr%2Factualites%2Fcovid-19-delais-accordes-par-linpi-et-leuipo%2F\" class=\"ss-twitter-color\" rel=\"nofollow noopener\" data-ss-ss-network-id=\"twitter\" data-ss-ss-post-id=\"99\" data-ss-ss-location=\"inline_content\" data-ss-ss-permalink=\"https:\/\/www.bcube-avocats.fr\/actualites\/covid-19-delais-accordes-par-linpi-et-leuipo\/\" data-ss-ss-type=\"share\"><span class=\"ss-share-network-content\"><i class=\"ss-network-icon\"><svg class=\"ss-svg-icon\" aria-hidden=\"true\" role=\"img\" focusable=\"false\" width=\"32\" height=\"32\" viewBox=\"0 0 32 32\" xmlns=\"http:\/\/www.w3.org\/2000\/svg\"><path d=\"M28.75 9.5c0 0.25 0 0.563 0 0.813 0 8.688-6.625 18.688-18.688 18.688-3.688 0-7.188-1.063-10.063-2.938 0.5 0.063 1.063 0.063 1.563 0.063 3.063 0 5.938-1 8.188-2.813-2.875 0-5.313-1.938-6.188-4.563 0.438 0.125 0.813 0.125 1.25 0.125 0.625 0 1.188-0.063 1.75-0.188-3-0.625-5.25-3.313-5.25-6.438 0-0.063 0-0.063 0-0.125 0.875 0.5 1.875 0.813 2.938 0.813-1.75-1.125-2.938-3.188-2.938-5.438 0-1.188 0.375-2.313 0.938-3.313 3.188 4 8.063 6.625 13.5 6.875-0.125-0.5-0.188-1-0.188-1.5 0-3.625 2.938-6.563 6.563-6.563 1.938 0 3.625 0.813 4.813 2.063 1.5-0.313 2.938-0.813 4.188-1.563-0.5 1.5-1.563 2.813-2.875 3.625 1.313-0.188 2.563-0.5 3.75-1.063-0.875 1.313-2 2.5-3.25 3.438z\"><\/path><\/svg><\/i><\/span><\/a><\/li><li class=\"\"><a href=\"#\" data-ss-ss-link=\"https:\/\/www.facebook.com\/sharer.php?t=COVID-19%20%7C%20D%C3%A9lais%20accord%C3%A9s%20par%20l%E2%80%99INPI%20et%20l%E2%80%99EUIPO&#038;u=https%3A%2F%2Fwww.bcube-avocats.fr%2Factualites%2Fcovid-19-delais-accordes-par-linpi-et-leuipo%2F\" class=\"ss-facebook-color\" rel=\"nofollow noopener\" data-ss-ss-network-id=\"facebook\" data-ss-ss-post-id=\"99\" data-ss-ss-location=\"inline_content\" data-ss-ss-permalink=\"https:\/\/www.bcube-avocats.fr\/actualites\/covid-19-delais-accordes-par-linpi-et-leuipo\/\" data-ss-ss-type=\"share\" data-has-api=\"true\"><span class=\"ss-share-network-content\"><i class=\"ss-network-icon\"><svg class=\"ss-svg-icon\" aria-hidden=\"true\" role=\"img\" focusable=\"false\" width=\"32\" height=\"32\" viewBox=\"0 0 32 32\" xmlns=\"http:\/\/www.w3.org\/2000\/svg\"><path d=\"M32 16.098C32 7.208 24.837 0 16 0S0 7.207 0 16.098C0 24.133 5.851 30.792 13.5 32V20.751H9.437v-4.653H13.5V12.55c0-4.034 2.389-6.263 6.043-6.263 1.751 0 3.582.315 3.582.315v3.961h-2.018c-1.987 0-2.607 1.241-2.607 2.514v3.02h4.438l-.71 4.653H18.5V32C26.149 30.792 32 24.133 32 16.098z\" \/><\/svg><\/i><\/span><\/a><\/li><\/ul><\/div><\/div><\/div>\n<\/div>\n","protected":false},"excerpt":{"rendered":"<p>En raison du contexte sanitaire li\u00e9 au coronavirus, l\u2019Institut national de la propri\u00e9t\u00e9 industrielle (INPI) et l\u2019 Office de l\u2019Union europ\u00e9enne pour la Propri\u00e9t\u00e9 Intellectuelle (EUIPO) ont pris des d\u00e9cisions pour report\u00e9s certains d\u00e9lais administratifs.<\/p>\n","protected":false},"author":3,"featured_media":0,"comment_status":"closed","ping_status":"open","sticky":true,"template":"","format":"standard","meta":{"spay_email":""},"categories":[1],"tags":[],"jetpack_featured_media_url":"","_links":{"self":[{"href":"https:\/\/www.bcube-avocats.fr\/actualites\/wp-json\/wp\/v2\/posts\/99"}],"collection":[{"href":"https:\/\/www.bcube-avocats.fr\/actualites\/wp-json\/wp\/v2\/posts"}],"about":[{"href":"https:\/\/www.bcube-avocats.fr\/actualites\/wp-json\/wp\/v2\/types\/post"}],"author":[{"embeddable":true,"href":"https:\/\/www.bcube-avocats.fr\/actualites\/wp-json\/wp\/v2\/users\/3"}],"replies":[{"embeddable":true,"href":"https:\/\/www.bcube-avocats.fr\/actualites\/wp-json\/wp\/v2\/comments?post=99"}],"version-history":[{"count":7,"href":"https:\/\/www.bcube-avocats.fr\/actualites\/wp-json\/wp\/v2\/posts\/99\/revisions"}],"predecessor-version":[{"id":202,"href":"https:\/\/www.bcube-avocats.fr\/actualites\/wp-json\/wp\/v2\/posts\/99\/revisions\/202"}],"wp:attachment":[{"href":"https:\/\/www.bcube-avocats.fr\/actualites\/wp-json\/wp\/v2\/media?parent=99"}],"wp:term":[{"taxonomy":"category","embeddable":true,"href":"https:\/\/www.bcube-avocats.fr\/actualites\/wp-json\/wp\/v2\/categories?post=99"},{"taxonomy":"post_tag","embeddable":true,"href":"https:\/\/www.bcube-avocats.fr\/actualites\/wp-json\/wp\/v2\/tags?post=99"}],"curies":[{"name":"wp","href":"https:\/\/api.w.org\/{rel}","templated":true}]}}